{"id":15558,"date":"2019-10-22T07:36:16","date_gmt":"2019-10-22T05:36:16","guid":{"rendered":"https:\/\/malin-krk.com\/?p=15558"},"modified":"2019-10-22T10:32:23","modified_gmt":"2019-10-22T08:32:23","slug":"veglia-la-meta-ideale-per-una-vacanza-attiva","status":"publish","type":"post","link":"https:\/\/malin-krk.com\/it\/blog\/veglia-la-meta-ideale-per-una-vacanza-attiva\/","title":{"rendered":"Veglia: la meta ideale per una vacanza attiva"},"content":{"rendered":"<!DOCTYPE html PUBLIC \"-\/\/W3C\/\/DTD HTML 4.0 Transitional\/\/EN\" \"http:\/\/www.w3.org\/TR\/REC-html40\/loose.dtd\">\n<html><body><p><span style=\"font-weight: 400;\">Lungo la costa e in collina, sulla strada o fuoristrada; il tutto, nella cornice di uno splendido paesaggio. Vivi una dose extra di momenti da sogno durante la tua vacanza, grazie alle attivit&agrave; da svolgere sull&rsquo;isola di Veglia! Scopri perch&eacute; &egrave; la meta perfetta per metterti e mantenerti in forma, godendoti ogni istante del percorso.<\/span><\/p>\n<h2><span style=\"font-weight: 400;\">Condizioni meteo eccellenti<\/span><\/h2>\n<p><span style=\"font-weight: 400;\">Vivi il sole di Veglia! In qualit&agrave; di una delle zone pi&ugrave; soleggiate d&rsquo;Europa, grazie alle proprie 2500 ore di sole annuali, Veglia &egrave; il luogo ideale per le attivit&agrave; all&rsquo;aperto, durante gran parte dell&rsquo;anno. I mesi pi&ugrave; rigidi sono gennaio e dicembre, con temperature medie tra i 4 e i 10 gradi e una pi&ugrave; alta possibilit&agrave; di pioggia. Tuttavia, a cominciare dal risveglio primaverile della natura fino ad autunno inoltrato, Veglia offre condizioni meteo favorevoli ad un gran numero di attivit&agrave;, quali la corsa, l&rsquo;arrampicata e il ciclismo.<\/span><\/p>\n<p>&nbsp;<\/p>\n<p><img decoding=\"async\" width=\"1020\" height=\"680\" class=\"aligncenter size-full wp-image-15563\" src=\"https:\/\/malin-krk.com\/wp-content\/uploads\/2019\/10\/2-3.jpg\" alt=\"Paradiso per gli amanti delle vacanze attive\" srcset=\"https:\/\/malin-krk.com\/wp-content\/uploads\/2019\/10\/2-3.jpg 1020w, https:\/\/malin-krk.com\/wp-content\/uploads\/2019\/10\/2-3-300x200.jpg 300w, https:\/\/malin-krk.com\/wp-content\/uploads\/2019\/10\/2-3-768x512.jpg 768w\" sizes=\"(max-width: 1020px) 100vw, 1020px\" \/><\/p>\n<h2><span style=\"font-weight: 400;\">Paradiso per gli amanti delle vacanze attive<\/span><\/h2>\n<p><span style=\"font-weight: 400;\">In marcia e pedalare&hellip; preparati alla tua attivit&agrave; preferita nel fantastico paesaggio di Veglia! Oltre ad essere una delle isole, e mete in generale, pi&ugrave; accessibili, sia via terra sia via aerea, ci sono numerose strutture, quali l&rsquo;Hotel Malin, pronte ad accogliere gli ospiti in qualsiasi momento. In altre parole, l&rsquo;isola &egrave; il luogo perfetto per riattivare il benessere e impegnarsi in attivit&agrave; all&rsquo;aperto, sfruttando la rete di sentieri e ciclabili che passano lungo la costa e attraversano gli oliveti e le colline: ti aspettano l&igrave;, quando hai voglia di una piccola fuga!<\/span><\/p>\n<p><span style=\"font-weight: 400;\">Strutture come l&rsquo;Hotel Malin offrono inoltre alcuni vantaggi speciali. Per esempio, in quanto &ldquo;hotel per corridori&rdquo;, questo albergo accoglie gli amanti della corsa con un pacchetto apposito, che include una guida e una maglietta, un kit energetico e uno sconto per la spa, grazie a cui riprendersi dopo l&rsquo;allenamento. Viene offerto inoltre un servizio di noleggio di biciclette.<\/span><\/p>\n<h2><span style=\"font-weight: 400;\">Eventi all&rsquo;insegna della sfida e del divertimento<\/span><\/h2>\n<p><span style=\"font-weight: 400;\">Vuoi darti una scossa? Che sia nel trail o nel ciclismo, perch&eacute; non metterti alla prova partecipando ai vari eventi sportivi in programma ogni anno sull&rsquo;isola? Segui il calendario dei prossimi eventi: corri la Malinska Trail, una tappa della pi&ugrave; lunga gara &ldquo;Trail del Quarnaro&rdquo;, il 9 novembre 2019; poi, in primavera, partecipa alla Krk Bike Story. Scegli la manifestazione che pi&ugrave; preferisci e usala come scusa per una piccola vacanza a Veglia.<\/span><\/p>\n<p>&nbsp;<\/p>\n<p><img decoding=\"async\" width=\"1020\" height=\"680\" class=\"aligncenter size-full wp-image-15567\" src=\"https:\/\/malin-krk.com\/wp-content\/uploads\/2019\/10\/3-3.jpg\" alt=\"Il meglio di Veglia per gli amanti dell&rsquo;aria aperta\" srcset=\"https:\/\/malin-krk.com\/wp-content\/uploads\/2019\/10\/3-3.jpg 1020w, https:\/\/malin-krk.com\/wp-content\/uploads\/2019\/10\/3-3-300x200.jpg 300w, https:\/\/malin-krk.com\/wp-content\/uploads\/2019\/10\/3-3-768x512.jpg 768w\" sizes=\"(max-width: 1020px) 100vw, 1020px\" \/><\/p>\n<h2><span style=\"font-weight: 400;\">Il meglio di Veglia per gli amanti dell&rsquo;aria aperta<\/span><\/h2>\n<p><span style=\"font-weight: 400;\">Paesaggi da sogno e attivit&agrave; fisica: cosa chiedere di pi&ugrave;! Veglia offre un sacco di sentieri e piste per correre, fare escursionismo o andare in bicicletta, il tutto nel mezzo di una natura incontaminata, tanto sulla costa quanto nell&rsquo;entroterra.<\/span><\/p>\n<p><span style=\"font-weight: 400;\">Malinska, da sola, offre svariati percorsi, la cui lunghezza varia da pochi chilometri (sentieri Marina o Lungo Mare), fino a lunghe distanze (strada di Fumak o di Rajska, ovvero &ldquo;strada del paradiso&rdquo;). Tutti questi percorsi partono dall&rsquo;Hotel Malin. Se cerchi una sfida pi&ugrave; impegnativa, prova il percorso circolare di 21 km, Malinska-Baru&scaron;i&#263;i-Porat, il cui ultimo tratto &egrave; tutto lungo il mare. E cosa ne pensi di raggiungere la vetta dell&rsquo;isola (Obzova, 569m) o di esplorare l&rsquo;area nei pressi di Dobrinj, Vrbnik, Ba&scaron;ka o della cittadina di Veglia, per aggiungere un po&rsquo; di stupore al tuo allenamento?<\/span><\/p>\n<h2><span style=\"font-weight: 400;\">Fare attivit&agrave; a Veglia<\/span><\/h2>\n<p><span style=\"font-weight: 400;\">&Egrave; stimolante, divertente, motivante. &Egrave; Veglia: la meta perfetta per fare attivit&agrave; all&rsquo;aperto, in qualsiasi periodo dell&rsquo;anno.<\/span><\/p>\n<p>&nbsp;<\/p>\n\n\t\t\t\t\t\t<ul class='img-galerija list-inline list-unstyled fancybox-show-nav'>\n\n\t\t\t\t\t\t\t\n\t\t\t\t\t\t\t<li class=\"col-md-4 col-sm-6 col-xs-4 thumb-wrapper\">\n\t\t\t\t\t\t\t\t<a class=\"fancybox\" data-fancybox=\"group\" rel=\"group\" data-title=\"Veglia: la meta ideale per una vacanza attiva\" href=\"https:\/\/malin-krk.com\/wp-content\/uploads\/2019\/10\/1-7.jpg\" data-title=\"Veglia: la meta ideale per una vacanza attiva\">\n\t\t\t\t\t\t\t\t\t<img decoding=\"async\" class=\"thumb img-responsive\" src=\"https:\/\/malin-krk.com\/wp-content\/uploads\/2019\/10\/1-7-400x400.jpg\" alt=\"Veglia: la meta ideale per una vacanza attiva\">\n\t\t\t\t\t\t\t\t<\/a>\n\t\t\t\t\t\t\t<\/li>\n\n\t\t\t\t\t\t\t\n\t\t\t\t\t\t\t<li class=\"col-md-4 col-sm-6 col-xs-4 thumb-wrapper\">\n\t\t\t\t\t\t\t\t<a class=\"fancybox\" data-fancybox=\"group\" rel=\"group\" data-title=\"Veglia: la meta ideale per una vacanza attiva\" href=\"https:\/\/malin-krk.com\/wp-content\/uploads\/2019\/10\/2-7.jpg\" data-title=\"Veglia: la meta ideale per una vacanza attiva\">\n\t\t\t\t\t\t\t\t\t<img decoding=\"async\" class=\"thumb img-responsive\" src=\"https:\/\/malin-krk.com\/wp-content\/uploads\/2019\/10\/2-7-400x400.jpg\" alt=\"Veglia: la meta ideale per una vacanza attiva\">\n\t\t\t\t\t\t\t\t<\/a>\n\t\t\t\t\t\t\t<\/li>\n\n\t\t\t\t\t\t\t\n\t\t\t\t\t\t\t<li class=\"col-md-4 col-sm-6 col-xs-4 thumb-wrapper\">\n\t\t\t\t\t\t\t\t<a class=\"fancybox\" data-fancybox=\"group\" rel=\"group\" data-title=\"Veglia: la meta ideale per una vacanza attiva\" href=\"https:\/\/malin-krk.com\/wp-content\/uploads\/2019\/10\/3-7.jpg\" data-title=\"Veglia: la meta ideale per una vacanza attiva\">\n\t\t\t\t\t\t\t\t\t<img decoding=\"async\" class=\"thumb img-responsive\" src=\"https:\/\/malin-krk.com\/wp-content\/uploads\/2019\/10\/3-7-400x400.jpg\" alt=\"Veglia: la meta ideale per una vacanza attiva\">\n\t\t\t\t\t\t\t\t<\/a>\n\t\t\t\t\t\t\t<\/li>\n\n\t\t\t\t\t\t\t\n\t\t\t\t\t\t\t<li class=\"col-md-4 col-sm-6 col-xs-4 thumb-wrapper\">\n\t\t\t\t\t\t\t\t<a class=\"fancybox\" data-fancybox=\"group\" rel=\"group\" data-title=\"Veglia: la meta ideale per una vacanza attiva\" href=\"https:\/\/malin-krk.com\/wp-content\/uploads\/2019\/10\/4-3.jpg\" data-title=\"Veglia: la meta ideale per una vacanza attiva\">\n\t\t\t\t\t\t\t\t\t<img decoding=\"async\" class=\"thumb img-responsive\" src=\"https:\/\/malin-krk.com\/wp-content\/uploads\/2019\/10\/4-3-400x400.jpg\" alt=\"Veglia: la meta ideale per una vacanza attiva\">\n\t\t\t\t\t\t\t\t<\/a>\n\t\t\t\t\t\t\t<\/li>\n\n\t\t\t\t\t\t\t\n\t\t\t\t\t\t\t<li class=\"col-md-4 col-sm-6 col-xs-4 thumb-wrapper\">\n\t\t\t\t\t\t\t\t<a class=\"fancybox\" data-fancybox=\"group\" rel=\"group\" data-title=\"Veglia: la meta ideale per una vacanza attiva\" href=\"https:\/\/malin-krk.com\/wp-content\/uploads\/2019\/10\/5-3.jpg\" data-title=\"Veglia: la meta ideale per una vacanza attiva\">\n\t\t\t\t\t\t\t\t\t<img decoding=\"async\" class=\"thumb img-responsive\" src=\"https:\/\/malin-krk.com\/wp-content\/uploads\/2019\/10\/5-3-400x400.jpg\" alt=\"Veglia: la meta ideale per una vacanza attiva\">\n\t\t\t\t\t\t\t\t<\/a>\n\t\t\t\t\t\t\t<\/li>\n\n\t\t\t\t\t\t\t\n\t\t\t\t\t\t\t<li class=\"col-md-4 col-sm-6 col-xs-4 thumb-wrapper\">\n\t\t\t\t\t\t\t\t<a class=\"fancybox\" data-fancybox=\"group\" rel=\"group\" data-title=\"Veglia: la meta ideale per una vacanza attiva\" href=\"https:\/\/malin-krk.com\/wp-content\/uploads\/2019\/10\/6-3.jpg\" data-title=\"Veglia: la meta ideale per una vacanza attiva\">\n\t\t\t\t\t\t\t\t\t<img decoding=\"async\" class=\"thumb img-responsive\" src=\"https:\/\/malin-krk.com\/wp-content\/uploads\/2019\/10\/6-3-400x400.jpg\" alt=\"Veglia: la meta ideale per una vacanza attiva\">\n\t\t\t\t\t\t\t\t<\/a>\n\t\t\t\t\t\t\t<\/li>\n\n\t\t\t\t\t\t\t\t\t\t\t\t\t<\/ul>\n\t\t\t\t\t\t\n<p>&nbsp;<\/p>\n<\/body><\/html>\n","protected":false},"excerpt":{"rendered":"<p>Lungo la costa e in collina, sulla strada o fuoristrada; il tutto, nella cornice di uno splendido paesaggio. Vivi una dose extra di momenti da sogno durante la tua vacanza, grazie alle attivit&agrave; da svolgere sull&rsquo;isola di Veglia! Scopri perch&eacute; &egrave; la meta perfetta per metterti e mantenerti in forma, godendoti ogni istante del percorso. [&hellip;]<\/p>\n","protected":false},"author":4,"featured_media":15559,"comment_status":"open","ping_status":"open","sticky":false,"template":"","format":"standard","meta":{"_acf_changed":false,"footnotes":""},"categories":[4],"tags":[],"class_list":["post-15558","post","type-post","status-publish","format-standard","has-post-thumbnail","hentry","category-blog"],"acf":[],"yoast_head":"<!-- This site is optimized with the Yoast SEO plugin v27.5 - https:\/\/yoast.com\/product\/yoast-seo-wordpress\/ -->\n<title>Veglia: la meta ideale per una vacanza attiva - Albergo Malin<\/title>\n<meta name=\"description\" content=\"\u00c8 stimolante, divertente, motivante. \u00c8 Veglia: la meta perfetta per le attivit\u00e0 all\u2019aperto, in qualsiasi stagione. Scopri cosa offre.\" \/>\n<meta name=\"robots\" content=\"index, follow, max-snippet:-1, max-image-preview:large, max-video-preview:-1\" \/>\n<link rel=\"canonical\" href=\"https:\/\/malin-krk.com\/it\/blog\/veglia-la-meta-ideale-per-una-vacanza-attiva\/\" \/>\n<meta property=\"og:locale\" content=\"it_IT\" \/>\n<meta property=\"og:type\" content=\"article\" \/>\n<meta property=\"og:title\" content=\"Veglia: la meta ideale per una vacanza attiva - Albergo Malin\" \/>\n<meta property=\"og:description\" content=\"\u00c8 stimolante, divertente, motivante. \u00c8 Veglia: la meta perfetta per le attivit\u00e0 all\u2019aperto, in qualsiasi stagione. Scopri cosa offre.\" \/>\n<meta property=\"og:url\" content=\"https:\/\/malin-krk.com\/it\/blog\/veglia-la-meta-ideale-per-una-vacanza-attiva\/\" \/>\n<meta property=\"og:site_name\" content=\"Albergo Malin\" \/>\n<meta property=\"article:publisher\" content=\"https:\/\/www.facebook.com\/hotelmalin\/\" \/>\n<meta property=\"article:published_time\" content=\"2019-10-22T05:36:16+00:00\" \/>\n<meta property=\"article:modified_time\" content=\"2019-10-22T08:32:23+00:00\" \/>\n<meta property=\"og:image\" content=\"https:\/\/malin-krk.com\/wp-content\/uploads\/2019\/10\/1-3.jpg\" \/>\n\t<meta property=\"og:image:width\" content=\"1020\" \/>\n\t<meta property=\"og:image:height\" content=\"680\" \/>\n\t<meta property=\"og:image:type\" content=\"image\/jpeg\" \/>\n<meta name=\"author\" content=\"Filip Aldi\u0107\" \/>\n<meta name=\"twitter:card\" content=\"summary_large_image\" \/>\n<script type=\"application\/ld+json\" class=\"yoast-schema-graph\">{\"@context\":\"https:\\\/\\\/schema.org\",\"@graph\":[{\"@type\":\"Article\",\"@id\":\"https:\\\/\\\/malin-krk.com\\\/it\\\/blog\\\/veglia-la-meta-ideale-per-una-vacanza-attiva\\\/#article\",\"isPartOf\":{\"@id\":\"https:\\\/\\\/malin-krk.com\\\/it\\\/blog\\\/veglia-la-meta-ideale-per-una-vacanza-attiva\\\/\"},\"author\":{\"name\":\"Filip Aldi\u0107\",\"@id\":\"https:\\\/\\\/malin-krk.com\\\/#\\\/schema\\\/person\\\/a4466bed3e07fbd67499e5512e6bda39\"},\"headline\":\"Veglia: la meta ideale per una vacanza attiva\",\"datePublished\":\"2019-10-22T05:36:16+00:00\",\"dateModified\":\"2019-10-22T08:32:23+00:00\",\"mainEntityOfPage\":{\"@id\":\"https:\\\/\\\/malin-krk.com\\\/it\\\/blog\\\/veglia-la-meta-ideale-per-una-vacanza-attiva\\\/\"},\"wordCount\":575,\"commentCount\":0,\"publisher\":{\"@id\":\"https:\\\/\\\/malin-krk.com\\\/#organization\"},\"image\":{\"@id\":\"https:\\\/\\\/malin-krk.com\\\/it\\\/blog\\\/veglia-la-meta-ideale-per-una-vacanza-attiva\\\/#primaryimage\"},\"thumbnailUrl\":\"https:\\\/\\\/malin-krk.com\\\/wp-content\\\/uploads\\\/2019\\\/10\\\/1-3.jpg\",\"articleSection\":[\"Blog\"],\"inLanguage\":\"it-IT\",\"potentialAction\":[{\"@type\":\"CommentAction\",\"name\":\"Comment\",\"target\":[\"https:\\\/\\\/malin-krk.com\\\/it\\\/blog\\\/veglia-la-meta-ideale-per-una-vacanza-attiva\\\/#respond\"]}]},{\"@type\":\"WebPage\",\"@id\":\"https:\\\/\\\/malin-krk.com\\\/it\\\/blog\\\/veglia-la-meta-ideale-per-una-vacanza-attiva\\\/\",\"url\":\"https:\\\/\\\/malin-krk.com\\\/it\\\/blog\\\/veglia-la-meta-ideale-per-una-vacanza-attiva\\\/\",\"name\":\"Veglia: la meta ideale per una vacanza attiva - Albergo Malin\",\"isPartOf\":{\"@id\":\"https:\\\/\\\/malin-krk.com\\\/#website\"},\"primaryImageOfPage\":{\"@id\":\"https:\\\/\\\/malin-krk.com\\\/it\\\/blog\\\/veglia-la-meta-ideale-per-una-vacanza-attiva\\\/#primaryimage\"},\"image\":{\"@id\":\"https:\\\/\\\/malin-krk.com\\\/it\\\/blog\\\/veglia-la-meta-ideale-per-una-vacanza-attiva\\\/#primaryimage\"},\"thumbnailUrl\":\"https:\\\/\\\/malin-krk.com\\\/wp-content\\\/uploads\\\/2019\\\/10\\\/1-3.jpg\",\"datePublished\":\"2019-10-22T05:36:16+00:00\",\"dateModified\":\"2019-10-22T08:32:23+00:00\",\"description\":\"\u00c8 stimolante, divertente, motivante. \u00c8 Veglia: la meta perfetta per le attivit\u00e0 all\u2019aperto, in qualsiasi stagione. Scopri cosa offre.\",\"breadcrumb\":{\"@id\":\"https:\\\/\\\/malin-krk.com\\\/it\\\/blog\\\/veglia-la-meta-ideale-per-una-vacanza-attiva\\\/#breadcrumb\"},\"inLanguage\":\"it-IT\",\"potentialAction\":[{\"@type\":\"ReadAction\",\"target\":[\"https:\\\/\\\/malin-krk.com\\\/it\\\/blog\\\/veglia-la-meta-ideale-per-una-vacanza-attiva\\\/\"]}]},{\"@type\":\"ImageObject\",\"inLanguage\":\"it-IT\",\"@id\":\"https:\\\/\\\/malin-krk.com\\\/it\\\/blog\\\/veglia-la-meta-ideale-per-una-vacanza-attiva\\\/#primaryimage\",\"url\":\"https:\\\/\\\/malin-krk.com\\\/wp-content\\\/uploads\\\/2019\\\/10\\\/1-3.jpg\",\"contentUrl\":\"https:\\\/\\\/malin-krk.com\\\/wp-content\\\/uploads\\\/2019\\\/10\\\/1-3.jpg\",\"width\":1020,\"height\":680,\"caption\":\"Guida per una vacanza attiva sull\u2019isola di Veglia\"},{\"@type\":\"BreadcrumbList\",\"@id\":\"https:\\\/\\\/malin-krk.com\\\/it\\\/blog\\\/veglia-la-meta-ideale-per-una-vacanza-attiva\\\/#breadcrumb\",\"itemListElement\":[{\"@type\":\"ListItem\",\"position\":1,\"name\":\"Home\",\"item\":\"https:\\\/\\\/malin-krk.com\\\/it\\\/\"},{\"@type\":\"ListItem\",\"position\":2,\"name\":\"Veglia: la meta ideale per una vacanza attiva\"}]},{\"@type\":\"WebSite\",\"@id\":\"https:\\\/\\\/malin-krk.com\\\/#website\",\"url\":\"https:\\\/\\\/malin-krk.com\\\/\",\"name\":\"Malin Krk\",\"description\":\"\",\"publisher\":{\"@id\":\"https:\\\/\\\/malin-krk.com\\\/#organization\"},\"potentialAction\":[{\"@type\":\"SearchAction\",\"target\":{\"@type\":\"EntryPoint\",\"urlTemplate\":\"https:\\\/\\\/malin-krk.com\\\/?s={search_term_string}\"},\"query-input\":{\"@type\":\"PropertyValueSpecification\",\"valueRequired\":true,\"valueName\":\"search_term_string\"}}],\"inLanguage\":\"it-IT\"},{\"@type\":\"Organization\",\"@id\":\"https:\\\/\\\/malin-krk.com\\\/#organization\",\"name\":\"Malin Krk\",\"url\":\"https:\\\/\\\/malin-krk.com\\\/\",\"logo\":{\"@type\":\"ImageObject\",\"inLanguage\":\"it-IT\",\"@id\":\"https:\\\/\\\/malin-krk.com\\\/#\\\/schema\\\/logo\\\/image\\\/\",\"url\":\"https:\\\/\\\/malin-krk.com\\\/wp-content\\\/uploads\\\/2024\\\/02\\\/malin-logo.jpg\",\"contentUrl\":\"https:\\\/\\\/malin-krk.com\\\/wp-content\\\/uploads\\\/2024\\\/02\\\/malin-logo.jpg\",\"width\":280,\"height\":96,\"caption\":\"Malin Krk\"},\"image\":{\"@id\":\"https:\\\/\\\/malin-krk.com\\\/#\\\/schema\\\/logo\\\/image\\\/\"},\"sameAs\":[\"https:\\\/\\\/www.facebook.com\\\/hotelmalin\\\/\"]},{\"@type\":\"Person\",\"@id\":\"https:\\\/\\\/malin-krk.com\\\/#\\\/schema\\\/person\\\/a4466bed3e07fbd67499e5512e6bda39\",\"name\":\"Filip Aldi\u0107\",\"image\":{\"@type\":\"ImageObject\",\"inLanguage\":\"it-IT\",\"@id\":\"https:\\\/\\\/secure.gravatar.com\\\/avatar\\\/510a0377584a0c197128a8396196fe4371d4a7a0255d32aad99dc1e5ca03c6eb?s=96&d=mm&r=g\",\"url\":\"https:\\\/\\\/secure.gravatar.com\\\/avatar\\\/510a0377584a0c197128a8396196fe4371d4a7a0255d32aad99dc1e5ca03c6eb?s=96&d=mm&r=g\",\"contentUrl\":\"https:\\\/\\\/secure.gravatar.com\\\/avatar\\\/510a0377584a0c197128a8396196fe4371d4a7a0255d32aad99dc1e5ca03c6eb?s=96&d=mm&r=g\",\"caption\":\"Filip Aldi\u0107\"},\"url\":\"https:\\\/\\\/malin-krk.com\\\/it\\\/author\\\/3d06fe833f0349e63842ecb1fd38f2ad\\\/\"}]}<\/script>\n<!-- \/ Yoast SEO plugin. -->","yoast_head_json":{"title":"Veglia: la meta ideale per una vacanza attiva - Albergo Malin","description":"\u00c8 stimolante, divertente, motivante. \u00c8 Veglia: la meta perfetta per le attivit\u00e0 all\u2019aperto, in qualsiasi stagione. Scopri cosa offre.","robots":{"index":"index","follow":"follow","max-snippet":"max-snippet:-1","max-image-preview":"max-image-preview:large","max-video-preview":"max-video-preview:-1"},"canonical":"https:\/\/malin-krk.com\/it\/blog\/veglia-la-meta-ideale-per-una-vacanza-attiva\/","og_locale":"it_IT","og_type":"article","og_title":"Veglia: la meta ideale per una vacanza attiva - Albergo Malin","og_description":"\u00c8 stimolante, divertente, motivante. \u00c8 Veglia: la meta perfetta per le attivit\u00e0 all\u2019aperto, in qualsiasi stagione. Scopri cosa offre.","og_url":"https:\/\/malin-krk.com\/it\/blog\/veglia-la-meta-ideale-per-una-vacanza-attiva\/","og_site_name":"Albergo Malin","article_publisher":"https:\/\/www.facebook.com\/hotelmalin\/","article_published_time":"2019-10-22T05:36:16+00:00","article_modified_time":"2019-10-22T08:32:23+00:00","og_image":[{"width":1020,"height":680,"url":"https:\/\/malin-krk.com\/wp-content\/uploads\/2019\/10\/1-3.jpg","type":"image\/jpeg"}],"author":"Filip Aldi\u0107","twitter_card":"summary_large_image","schema":{"@context":"https:\/\/schema.org","@graph":[{"@type":"Article","@id":"https:\/\/malin-krk.com\/it\/blog\/veglia-la-meta-ideale-per-una-vacanza-attiva\/#article","isPartOf":{"@id":"https:\/\/malin-krk.com\/it\/blog\/veglia-la-meta-ideale-per-una-vacanza-attiva\/"},"author":{"name":"Filip Aldi\u0107","@id":"https:\/\/malin-krk.com\/#\/schema\/person\/a4466bed3e07fbd67499e5512e6bda39"},"headline":"Veglia: la meta ideale per una vacanza attiva","datePublished":"2019-10-22T05:36:16+00:00","dateModified":"2019-10-22T08:32:23+00:00","mainEntityOfPage":{"@id":"https:\/\/malin-krk.com\/it\/blog\/veglia-la-meta-ideale-per-una-vacanza-attiva\/"},"wordCount":575,"commentCount":0,"publisher":{"@id":"https:\/\/malin-krk.com\/#organization"},"image":{"@id":"https:\/\/malin-krk.com\/it\/blog\/veglia-la-meta-ideale-per-una-vacanza-attiva\/#primaryimage"},"thumbnailUrl":"https:\/\/malin-krk.com\/wp-content\/uploads\/2019\/10\/1-3.jpg","articleSection":["Blog"],"inLanguage":"it-IT","potentialAction":[{"@type":"CommentAction","name":"Comment","target":["https:\/\/malin-krk.com\/it\/blog\/veglia-la-meta-ideale-per-una-vacanza-attiva\/#respond"]}]},{"@type":"WebPage","@id":"https:\/\/malin-krk.com\/it\/blog\/veglia-la-meta-ideale-per-una-vacanza-attiva\/","url":"https:\/\/malin-krk.com\/it\/blog\/veglia-la-meta-ideale-per-una-vacanza-attiva\/","name":"Veglia: la meta ideale per una vacanza attiva - Albergo Malin","isPartOf":{"@id":"https:\/\/malin-krk.com\/#website"},"primaryImageOfPage":{"@id":"https:\/\/malin-krk.com\/it\/blog\/veglia-la-meta-ideale-per-una-vacanza-attiva\/#primaryimage"},"image":{"@id":"https:\/\/malin-krk.com\/it\/blog\/veglia-la-meta-ideale-per-una-vacanza-attiva\/#primaryimage"},"thumbnailUrl":"https:\/\/malin-krk.com\/wp-content\/uploads\/2019\/10\/1-3.jpg","datePublished":"2019-10-22T05:36:16+00:00","dateModified":"2019-10-22T08:32:23+00:00","description":"\u00c8 stimolante, divertente, motivante. \u00c8 Veglia: la meta perfetta per le attivit\u00e0 all\u2019aperto, in qualsiasi stagione. Scopri cosa offre.","breadcrumb":{"@id":"https:\/\/malin-krk.com\/it\/blog\/veglia-la-meta-ideale-per-una-vacanza-attiva\/#breadcrumb"},"inLanguage":"it-IT","potentialAction":[{"@type":"ReadAction","target":["https:\/\/malin-krk.com\/it\/blog\/veglia-la-meta-ideale-per-una-vacanza-attiva\/"]}]},{"@type":"ImageObject","inLanguage":"it-IT","@id":"https:\/\/malin-krk.com\/it\/blog\/veglia-la-meta-ideale-per-una-vacanza-attiva\/#primaryimage","url":"https:\/\/malin-krk.com\/wp-content\/uploads\/2019\/10\/1-3.jpg","contentUrl":"https:\/\/malin-krk.com\/wp-content\/uploads\/2019\/10\/1-3.jpg","width":1020,"height":680,"caption":"Guida per una vacanza attiva sull\u2019isola di Veglia"},{"@type":"BreadcrumbList","@id":"https:\/\/malin-krk.com\/it\/blog\/veglia-la-meta-ideale-per-una-vacanza-attiva\/#breadcrumb","itemListElement":[{"@type":"ListItem","position":1,"name":"Home","item":"https:\/\/malin-krk.com\/it\/"},{"@type":"ListItem","position":2,"name":"Veglia: la meta ideale per una vacanza attiva"}]},{"@type":"WebSite","@id":"https:\/\/malin-krk.com\/#website","url":"https:\/\/malin-krk.com\/","name":"Malin Krk","description":"","publisher":{"@id":"https:\/\/malin-krk.com\/#organization"},"potentialAction":[{"@type":"SearchAction","target":{"@type":"EntryPoint","urlTemplate":"https:\/\/malin-krk.com\/?s={search_term_string}"},"query-input":{"@type":"PropertyValueSpecification","valueRequired":true,"valueName":"search_term_string"}}],"inLanguage":"it-IT"},{"@type":"Organization","@id":"https:\/\/malin-krk.com\/#organization","name":"Malin Krk","url":"https:\/\/malin-krk.com\/","logo":{"@type":"ImageObject","inLanguage":"it-IT","@id":"https:\/\/malin-krk.com\/#\/schema\/logo\/image\/","url":"https:\/\/malin-krk.com\/wp-content\/uploads\/2024\/02\/malin-logo.jpg","contentUrl":"https:\/\/malin-krk.com\/wp-content\/uploads\/2024\/02\/malin-logo.jpg","width":280,"height":96,"caption":"Malin Krk"},"image":{"@id":"https:\/\/malin-krk.com\/#\/schema\/logo\/image\/"},"sameAs":["https:\/\/www.facebook.com\/hotelmalin\/"]},{"@type":"Person","@id":"https:\/\/malin-krk.com\/#\/schema\/person\/a4466bed3e07fbd67499e5512e6bda39","name":"Filip Aldi\u0107","image":{"@type":"ImageObject","inLanguage":"it-IT","@id":"https:\/\/secure.gravatar.com\/avatar\/510a0377584a0c197128a8396196fe4371d4a7a0255d32aad99dc1e5ca03c6eb?s=96&d=mm&r=g","url":"https:\/\/secure.gravatar.com\/avatar\/510a0377584a0c197128a8396196fe4371d4a7a0255d32aad99dc1e5ca03c6eb?s=96&d=mm&r=g","contentUrl":"https:\/\/secure.gravatar.com\/avatar\/510a0377584a0c197128a8396196fe4371d4a7a0255d32aad99dc1e5ca03c6eb?s=96&d=mm&r=g","caption":"Filip Aldi\u0107"},"url":"https:\/\/malin-krk.com\/it\/author\/3d06fe833f0349e63842ecb1fd38f2ad\/"}]}},"_links":{"self":[{"href":"https:\/\/malin-krk.com\/it\/wp-json\/wp\/v2\/posts\/15558","targetHints":{"allow":["GET"]}}],"collection":[{"href":"https:\/\/malin-krk.com\/it\/wp-json\/wp\/v2\/posts"}],"about":[{"href":"https:\/\/malin-krk.com\/it\/wp-json\/wp\/v2\/types\/post"}],"author":[{"embeddable":true,"href":"https:\/\/malin-krk.com\/it\/wp-json\/wp\/v2\/users\/4"}],"replies":[{"embeddable":true,"href":"https:\/\/malin-krk.com\/it\/wp-json\/wp\/v2\/comments?post=15558"}],"version-history":[{"count":2,"href":"https:\/\/malin-krk.com\/it\/wp-json\/wp\/v2\/posts\/15558\/revisions"}],"predecessor-version":[{"id":15680,"href":"https:\/\/malin-krk.com\/it\/wp-json\/wp\/v2\/posts\/15558\/revisions\/15680"}],"wp:featuredmedia":[{"embeddable":true,"href":"https:\/\/malin-krk.com\/it\/wp-json\/wp\/v2\/media\/15559"}],"wp:attachment":[{"href":"https:\/\/malin-krk.com\/it\/wp-json\/wp\/v2\/media?parent=15558"}],"wp:term":[{"taxonomy":"category","embeddable":true,"href":"https:\/\/malin-krk.com\/it\/wp-json\/wp\/v2\/categories?post=15558"},{"taxonomy":"post_tag","embeddable":true,"href":"https:\/\/malin-krk.com\/it\/wp-json\/wp\/v2\/tags?post=15558"}],"curies":[{"name":"wp","href":"https:\/\/api.w.org\/{rel}","templated":true}]}}