{"id":17608,"date":"2020-02-27T12:26:01","date_gmt":"2020-02-27T11:26:01","guid":{"rendered":"https:\/\/malin-krk.com\/?p=17608"},"modified":"2020-02-27T12:50:40","modified_gmt":"2020-02-27T11:50:40","slug":"geniessen-sie-im-fruehling-einen-kurzurlaub-auf-der-insel-krk","status":"publish","type":"post","link":"https:\/\/malin-krk.com\/de\/blog\/geniessen-sie-im-fruehling-einen-kurzurlaub-auf-der-insel-krk\/","title":{"rendered":"Genie\u00dfen Sie im Fr\u00fchling einen Kurzurlaub auf der Insel Krk"},"content":{"rendered":"<!DOCTYPE html PUBLIC \"-\/\/W3C\/\/DTD HTML 4.0 Transitional\/\/EN\" \"http:\/\/www.w3.org\/TR\/REC-html40\/loose.dtd\">\n<html><body><p><span style=\"font-weight: 400;\">Fr&uuml;hling ist in der Luft! Die Tage werden l&auml;nger, die Sonnenstrahlen werden w&auml;rmer und die Natur bl&uuml;ht in mehreren Farben. Jetzt ist die Zeit, um sch&ouml;ne Momente im Freien zu verbringen. Breiten Sie Ihre H&auml;nde aus und atmen Sie die erfrischende Meeresluft ein. Die Insel Krk ist zu dieser Zeit weniger &uuml;berf&uuml;llt als in der Hochsaison und hat perfekte Wetterbedingungen. Sie l&auml;dt Sie ein, eine Pause zu machen und hier ein paar erholsame Tage zu verbringen. F&uuml;r ein ganz besonderes Erlebnis &uuml;berpr&uuml;fen Sie, was Sie im Fr&uuml;hling auf der Insel erwartet:<\/span><\/p>\n<p>&nbsp;<\/p>\n<p><img decoding=\"async\" width=\"1020\" height=\"680\" class=\"aligncenter size-full wp-image-17609\" src=\"https:\/\/malin-krk.com\/wp-content\/uploads\/2020\/02\/1-5.jpg\" alt=\"Fr&uuml;hlingserwachen in Malinska auf der Insel Krk\" srcset=\"https:\/\/malin-krk.com\/wp-content\/uploads\/2020\/02\/1-5.jpg 1020w, https:\/\/malin-krk.com\/wp-content\/uploads\/2020\/02\/1-5-300x200.jpg 300w, https:\/\/malin-krk.com\/wp-content\/uploads\/2020\/02\/1-5-768x512.jpg 768w\" sizes=\"(max-width: 1020px) 100vw, 1020px\" \/><\/p>\n<h2><span style=\"font-weight: 400;\">Zeit zum Stressabbau und zur Entspannung<\/span><\/h2>\n<p><span style=\"font-weight: 400;\">Lassen Sie den Winter hinter sich und genie&szlig;en Sie eine entspannte Erholung auf Krk! Stellen Sie das Gleichgewicht zwischen K&ouml;rper und Geist wieder her und tanken Sie neue Energie in einer wundersch&ouml;nen Umgebung am Meer.&nbsp; Das Wellness &amp; Spa-Zentrum im Malin Hotel bietet Ihnen den perfekten Zufluchtsort &ndash; Sie k&ouml;nnen sich im beheizten Innenpool oder in der Entspannungszone mit Blick auf das Meer entspannen, verschiedene Arten von Sauna nutzen und sich Gesichts- und K&ouml;rperbehandlungen g&ouml;nnen, um sich zu erholen und um von ihrer belebenden Wirkung zu profitieren. Das Wellness &amp; Spa-Zentrum bietet bis Mitte April auch einen speziellen Fr&uuml;hlingsrabatt von 20 %.<\/span><\/p>\n<p>&nbsp;<\/p>\n<p><img decoding=\"async\" width=\"1020\" height=\"680\" class=\"aligncenter size-full wp-image-17613\" src=\"https:\/\/malin-krk.com\/wp-content\/uploads\/2020\/02\/2-5.jpg\" alt=\"Zeit zum Stressabbau und zur Entspannung\" srcset=\"https:\/\/malin-krk.com\/wp-content\/uploads\/2020\/02\/2-5.jpg 1020w, https:\/\/malin-krk.com\/wp-content\/uploads\/2020\/02\/2-5-300x200.jpg 300w, https:\/\/malin-krk.com\/wp-content\/uploads\/2020\/02\/2-5-768x512.jpg 768w\" sizes=\"(max-width: 1020px) 100vw, 1020px\" \/><\/p>\n<h2><span style=\"font-weight: 400;\">Unwiderstehliche gastronomische K&ouml;stlichkeiten<\/span><\/h2>\n<p><span style=\"font-weight: 400;\">Verw&ouml;hnen Sie Ihre Geschmacksknospen mit Spezialit&auml;ten des Fr&uuml;hlings! Die Insel ist ber&uuml;hmt f&uuml;r ihre au&szlig;ergew&ouml;hnliche Kulinarik und ein gro&szlig;artiger Ort, um die gastronomische Vielfalt mit saisonalen Zutaten das ganze Jahr &uuml;ber zu erkunden. Dabei ist auch Fr&uuml;hling keine Ausnahme. Verpassen Sie also nicht die Gelegenheit, die k&ouml;stlichen Aromen des Fr&uuml;hlings im Restaurant Mulino von Ende M&auml;rz bis Mitte Mai in Form von k&ouml;stlichen Gerichten aus Spargeln oder Krk-Lammfleisch zu probieren.<\/span><\/p>\n<p>&nbsp;<\/p>\n<p><img decoding=\"async\" width=\"1020\" height=\"680\" class=\"aligncenter size-full wp-image-17617\" src=\"https:\/\/malin-krk.com\/wp-content\/uploads\/2020\/02\/3-5.jpg\" alt=\"Unwiderstehliche gastronomische K&ouml;stlichkeiten\" srcset=\"https:\/\/malin-krk.com\/wp-content\/uploads\/2020\/02\/3-5.jpg 1020w, https:\/\/malin-krk.com\/wp-content\/uploads\/2020\/02\/3-5-300x200.jpg 300w, https:\/\/malin-krk.com\/wp-content\/uploads\/2020\/02\/3-5-768x512.jpg 768w\" sizes=\"(max-width: 1020px) 100vw, 1020px\" \/><\/p>\n<h2><span style=\"font-weight: 400;\">Osterferien am Meer<\/span><\/h2>\n<p><span style=\"font-weight: 400;\">Verleihen Sie den Osterferien einen besonderen Hauch und planen Sie einen Familienurlaub auf der Insel Krk im April! Das Malin Hotel bietet Ihnen ein sch&ouml;nes Osterpaket f&uuml;r Ihren Aufenthalt zwischen dem 1. April und dem 20. April 2020. Sie k&ouml;nnen nicht nur den Charme dieser Jahreszeit auf der Insel erleben, sondern auch Wellness und gastronomische K&ouml;stlichkeiten genie&szlig;en, w&auml;hrend Ihre Kinder mit dem Animationsteam besch&auml;ftigt sind. Neben zahlreichen Workshops und der Mini-Disco haben die Kleinsten auch die M&ouml;glichkeit, an der unterhaltsamen Ostereiersuche teilzunehmen.<\/span><\/p>\n<p>&nbsp;<\/p>\n<p><img decoding=\"async\" width=\"1020\" height=\"680\" class=\"aligncenter size-full wp-image-17621\" src=\"https:\/\/malin-krk.com\/wp-content\/uploads\/2020\/02\/4-4.jpg\" alt=\"Osterferien am Meer\" srcset=\"https:\/\/malin-krk.com\/wp-content\/uploads\/2020\/02\/4-4.jpg 1020w, https:\/\/malin-krk.com\/wp-content\/uploads\/2020\/02\/4-4-300x200.jpg 300w, https:\/\/malin-krk.com\/wp-content\/uploads\/2020\/02\/4-4-768x512.jpg 768w\" sizes=\"(max-width: 1020px) 100vw, 1020px\" \/><\/p>\n<h2><span style=\"font-weight: 400;\">Feiern Sie den internationalen Tag der Arbeit am Meer<\/span><\/h2>\n<p><span style=\"font-weight: 400;\">Er&ouml;ffnen Sie die Grillsaison am Tag der Arbeit (1. Mai) auf Krk! Gibt es einen besseren Weg, als das bei angenehmem Wetter, viel Spa&szlig; und leckerem Essen zu machen? Das Malin Hotel l&auml;dt Sie zu einem sch&ouml;nen Aufenthalt und zu einem ganz besonderen Fest am Strand mit Live-Musik und ausgezeichnetem Grill ein, das am 1. Mai vom Restaurant Mulino organisiert wird. Das Sonderangebot des Malin Hotels, das zwischen dem 24. April und dem 4. Mai 2020 verf&uuml;gbar ist, beinhaltet auch hervorragende Extras.<\/span><\/p>\n<h2><span style=\"font-weight: 400;\">Aktive Zeit in einer wundersch&ouml;nen Umgebung<\/span><\/h2>\n<p><span style=\"font-weight: 400;\">Sind Sie bereit, neue Energie zu tanken? Ohne die Sommerhitze ist das Wetter einfach perfekt, um im Freien aktiv zu sein, und Krk verf&uuml;gt &uuml;ber zahlreiche Wanderwege auf der ganzen Insel, wo Sie die Vielfalt der wundersch&ouml;nen Landschaft erkunden k&ouml;nnen. Dar&uuml;ber hinaus werden in Malinska vom 11. April bis zum 30. Mai 2020 jeden Sonntag Nordic-Walking-Touren organisiert.<\/span><\/p>\n<p>&nbsp;<\/p>\n<p><img decoding=\"async\" width=\"1020\" height=\"680\" class=\"aligncenter size-full wp-image-17625\" src=\"https:\/\/malin-krk.com\/wp-content\/uploads\/2020\/02\/5-4.jpg\" alt=\"Aktive Zeit in einer wundersch&ouml;nen Umgebung\" srcset=\"https:\/\/malin-krk.com\/wp-content\/uploads\/2020\/02\/5-4.jpg 1020w, https:\/\/malin-krk.com\/wp-content\/uploads\/2020\/02\/5-4-300x200.jpg 300w, https:\/\/malin-krk.com\/wp-content\/uploads\/2020\/02\/5-4-768x512.jpg 768w\" sizes=\"(max-width: 1020px) 100vw, 1020px\" \/><\/p>\n<h3><span style=\"font-weight: 400;\">Erwachen Sie mit dem Fr&uuml;hling auf der Insel Krk<\/span><\/h3>\n<p><span style=\"font-weight: 400;\">Beobachten Sie, wie die Natur in ihrer ganzen Sch&ouml;nheit am Meer erwacht! Die Zeit ist richtig, um eine Pause vom Alltag zu machen, ein paar Tage am Meer in der Sonne zu verbringen und die wundersch&ouml;ne Landschaft im Fr&uuml;hling zu bewundern. Mit dem Malin Hotel in Malinska auf der Insel Krk als perfektem Gastgeber!<\/span><\/p>\n<\/body><\/html>\n","protected":false},"excerpt":{"rendered":"<p>Fr&uuml;hling ist in der Luft! Die Tage werden l&auml;nger, die Sonnenstrahlen werden w&auml;rmer und die Natur bl&uuml;ht in mehreren Farben. Jetzt ist die Zeit, um sch&ouml;ne Momente im Freien zu verbringen. Breiten Sie Ihre H&auml;nde aus und atmen Sie die erfrischende Meeresluft ein. Die Insel Krk ist zu dieser Zeit weniger &uuml;berf&uuml;llt als in der [&hellip;]<\/p>\n","protected":false},"author":4,"featured_media":17625,"comment_status":"closed","ping_status":"closed","sticky":false,"template":"","format":"standard","meta":{"_acf_changed":false,"footnotes":""},"categories":[3],"tags":[],"class_list":["post-17608","post","type-post","status-publish","format-standard","has-post-thumbnail","hentry","category-blog"],"acf":[],"yoast_head":"<!-- This site is optimized with the Yoast SEO plugin v27.5 - https:\/\/yoast.com\/product\/yoast-seo-wordpress\/ -->\n<title>Genie\u00dfen Sie im Fr\u00fchling einen Kurzurlaub auf der Insel Krk - Malin Krk<\/title>\n<meta name=\"description\" content=\"Beobachten Sie, wie die Natur in ihrer Sch\u00f6nheit am Meer erwacht! Klicken Sie um zu \u00fcberpr\u00fcfen, was Sie im belebenden Urlaub in Malinska erwartet.\" \/>\n<meta name=\"robots\" content=\"index, follow, max-snippet:-1, max-image-preview:large, max-video-preview:-1\" \/>\n<link rel=\"canonical\" href=\"https:\/\/malin-krk.com\/de\/blog\/geniessen-sie-im-fruehling-einen-kurzurlaub-auf-der-insel-krk\/\" \/>\n<meta property=\"og:locale\" content=\"de_DE\" \/>\n<meta property=\"og:type\" content=\"article\" \/>\n<meta property=\"og:title\" content=\"Genie\u00dfen Sie im Fr\u00fchling einen Kurzurlaub auf der Insel Krk - Malin Krk\" \/>\n<meta property=\"og:description\" content=\"Beobachten Sie, wie die Natur in ihrer Sch\u00f6nheit am Meer erwacht! Klicken Sie um zu \u00fcberpr\u00fcfen, was Sie im belebenden Urlaub in Malinska erwartet.\" \/>\n<meta property=\"og:url\" content=\"https:\/\/malin-krk.com\/de\/blog\/geniessen-sie-im-fruehling-einen-kurzurlaub-auf-der-insel-krk\/\" \/>\n<meta property=\"og:site_name\" content=\"Malin Krk\" \/>\n<meta property=\"article:publisher\" content=\"https:\/\/www.facebook.com\/hotelmalin\/\" \/>\n<meta property=\"article:published_time\" content=\"2020-02-27T11:26:01+00:00\" \/>\n<meta property=\"article:modified_time\" content=\"2020-02-27T11:50:40+00:00\" \/>\n<meta property=\"og:image\" content=\"https:\/\/malin-krk.com\/wp-content\/uploads\/2020\/02\/5-4.jpg\" \/>\n\t<meta property=\"og:image:width\" content=\"1020\" \/>\n\t<meta property=\"og:image:height\" content=\"680\" \/>\n\t<meta property=\"og:image:type\" content=\"image\/jpeg\" \/>\n<meta name=\"author\" content=\"Filip Aldi\u0107\" \/>\n<meta name=\"twitter:card\" content=\"summary_large_image\" \/>\n<script type=\"application\/ld+json\" class=\"yoast-schema-graph\">{\"@context\":\"https:\\\/\\\/schema.org\",\"@graph\":[{\"@type\":\"Article\",\"@id\":\"https:\\\/\\\/malin-krk.com\\\/de\\\/blog\\\/geniessen-sie-im-fruehling-einen-kurzurlaub-auf-der-insel-krk\\\/#article\",\"isPartOf\":{\"@id\":\"https:\\\/\\\/malin-krk.com\\\/de\\\/blog\\\/geniessen-sie-im-fruehling-einen-kurzurlaub-auf-der-insel-krk\\\/\"},\"author\":{\"name\":\"Filip Aldi\u0107\",\"@id\":\"https:\\\/\\\/malin-krk.com\\\/#\\\/schema\\\/person\\\/a4466bed3e07fbd67499e5512e6bda39\"},\"headline\":\"Genie\u00dfen Sie im Fr\u00fchling einen Kurzurlaub auf der Insel Krk\",\"datePublished\":\"2020-02-27T11:26:01+00:00\",\"dateModified\":\"2020-02-27T11:50:40+00:00\",\"mainEntityOfPage\":{\"@id\":\"https:\\\/\\\/malin-krk.com\\\/de\\\/blog\\\/geniessen-sie-im-fruehling-einen-kurzurlaub-auf-der-insel-krk\\\/\"},\"wordCount\":631,\"publisher\":{\"@id\":\"https:\\\/\\\/malin-krk.com\\\/#organization\"},\"image\":{\"@id\":\"https:\\\/\\\/malin-krk.com\\\/de\\\/blog\\\/geniessen-sie-im-fruehling-einen-kurzurlaub-auf-der-insel-krk\\\/#primaryimage\"},\"thumbnailUrl\":\"https:\\\/\\\/malin-krk.com\\\/wp-content\\\/uploads\\\/2020\\\/02\\\/5-4.jpg\",\"articleSection\":[\"Blog\"],\"inLanguage\":\"de\"},{\"@type\":\"WebPage\",\"@id\":\"https:\\\/\\\/malin-krk.com\\\/de\\\/blog\\\/geniessen-sie-im-fruehling-einen-kurzurlaub-auf-der-insel-krk\\\/\",\"url\":\"https:\\\/\\\/malin-krk.com\\\/de\\\/blog\\\/geniessen-sie-im-fruehling-einen-kurzurlaub-auf-der-insel-krk\\\/\",\"name\":\"Genie\u00dfen Sie im Fr\u00fchling einen Kurzurlaub auf der Insel Krk - Malin Krk\",\"isPartOf\":{\"@id\":\"https:\\\/\\\/malin-krk.com\\\/#website\"},\"primaryImageOfPage\":{\"@id\":\"https:\\\/\\\/malin-krk.com\\\/de\\\/blog\\\/geniessen-sie-im-fruehling-einen-kurzurlaub-auf-der-insel-krk\\\/#primaryimage\"},\"image\":{\"@id\":\"https:\\\/\\\/malin-krk.com\\\/de\\\/blog\\\/geniessen-sie-im-fruehling-einen-kurzurlaub-auf-der-insel-krk\\\/#primaryimage\"},\"thumbnailUrl\":\"https:\\\/\\\/malin-krk.com\\\/wp-content\\\/uploads\\\/2020\\\/02\\\/5-4.jpg\",\"datePublished\":\"2020-02-27T11:26:01+00:00\",\"dateModified\":\"2020-02-27T11:50:40+00:00\",\"description\":\"Beobachten Sie, wie die Natur in ihrer Sch\u00f6nheit am Meer erwacht! Klicken Sie um zu \u00fcberpr\u00fcfen, was Sie im belebenden Urlaub in Malinska erwartet.\",\"breadcrumb\":{\"@id\":\"https:\\\/\\\/malin-krk.com\\\/de\\\/blog\\\/geniessen-sie-im-fruehling-einen-kurzurlaub-auf-der-insel-krk\\\/#breadcrumb\"},\"inLanguage\":\"de\",\"potentialAction\":[{\"@type\":\"ReadAction\",\"target\":[\"https:\\\/\\\/malin-krk.com\\\/de\\\/blog\\\/geniessen-sie-im-fruehling-einen-kurzurlaub-auf-der-insel-krk\\\/\"]}]},{\"@type\":\"ImageObject\",\"inLanguage\":\"de\",\"@id\":\"https:\\\/\\\/malin-krk.com\\\/de\\\/blog\\\/geniessen-sie-im-fruehling-einen-kurzurlaub-auf-der-insel-krk\\\/#primaryimage\",\"url\":\"https:\\\/\\\/malin-krk.com\\\/wp-content\\\/uploads\\\/2020\\\/02\\\/5-4.jpg\",\"contentUrl\":\"https:\\\/\\\/malin-krk.com\\\/wp-content\\\/uploads\\\/2020\\\/02\\\/5-4.jpg\",\"width\":1020,\"height\":680,\"caption\":\"Aktive Zeit in einer wundersch\u00f6nen Umgebung\"},{\"@type\":\"BreadcrumbList\",\"@id\":\"https:\\\/\\\/malin-krk.com\\\/de\\\/blog\\\/geniessen-sie-im-fruehling-einen-kurzurlaub-auf-der-insel-krk\\\/#breadcrumb\",\"itemListElement\":[{\"@type\":\"ListItem\",\"position\":1,\"name\":\"Home\",\"item\":\"https:\\\/\\\/malin-krk.com\\\/de\\\/\"},{\"@type\":\"ListItem\",\"position\":2,\"name\":\"Genie\u00dfen Sie im Fr\u00fchling einen Kurzurlaub auf der Insel Krk\"}]},{\"@type\":\"WebSite\",\"@id\":\"https:\\\/\\\/malin-krk.com\\\/#website\",\"url\":\"https:\\\/\\\/malin-krk.com\\\/\",\"name\":\"Malin Krk\",\"description\":\"\",\"publisher\":{\"@id\":\"https:\\\/\\\/malin-krk.com\\\/#organization\"},\"potentialAction\":[{\"@type\":\"SearchAction\",\"target\":{\"@type\":\"EntryPoint\",\"urlTemplate\":\"https:\\\/\\\/malin-krk.com\\\/?s={search_term_string}\"},\"query-input\":{\"@type\":\"PropertyValueSpecification\",\"valueRequired\":true,\"valueName\":\"search_term_string\"}}],\"inLanguage\":\"de\"},{\"@type\":\"Organization\",\"@id\":\"https:\\\/\\\/malin-krk.com\\\/#organization\",\"name\":\"Malin Krk\",\"url\":\"https:\\\/\\\/malin-krk.com\\\/\",\"logo\":{\"@type\":\"ImageObject\",\"inLanguage\":\"de\",\"@id\":\"https:\\\/\\\/malin-krk.com\\\/#\\\/schema\\\/logo\\\/image\\\/\",\"url\":\"https:\\\/\\\/malin-krk.com\\\/wp-content\\\/uploads\\\/2024\\\/02\\\/malin-logo.jpg\",\"contentUrl\":\"https:\\\/\\\/malin-krk.com\\\/wp-content\\\/uploads\\\/2024\\\/02\\\/malin-logo.jpg\",\"width\":280,\"height\":96,\"caption\":\"Malin Krk\"},\"image\":{\"@id\":\"https:\\\/\\\/malin-krk.com\\\/#\\\/schema\\\/logo\\\/image\\\/\"},\"sameAs\":[\"https:\\\/\\\/www.facebook.com\\\/hotelmalin\\\/\"]},{\"@type\":\"Person\",\"@id\":\"https:\\\/\\\/malin-krk.com\\\/#\\\/schema\\\/person\\\/a4466bed3e07fbd67499e5512e6bda39\",\"name\":\"Filip Aldi\u0107\",\"image\":{\"@type\":\"ImageObject\",\"inLanguage\":\"de\",\"@id\":\"https:\\\/\\\/secure.gravatar.com\\\/avatar\\\/510a0377584a0c197128a8396196fe4371d4a7a0255d32aad99dc1e5ca03c6eb?s=96&d=mm&r=g\",\"url\":\"https:\\\/\\\/secure.gravatar.com\\\/avatar\\\/510a0377584a0c197128a8396196fe4371d4a7a0255d32aad99dc1e5ca03c6eb?s=96&d=mm&r=g\",\"contentUrl\":\"https:\\\/\\\/secure.gravatar.com\\\/avatar\\\/510a0377584a0c197128a8396196fe4371d4a7a0255d32aad99dc1e5ca03c6eb?s=96&d=mm&r=g\",\"caption\":\"Filip Aldi\u0107\"},\"url\":\"https:\\\/\\\/malin-krk.com\\\/de\\\/author\\\/3d06fe833f0349e63842ecb1fd38f2ad\\\/\"}]}<\/script>\n<!-- \/ Yoast SEO plugin. -->","yoast_head_json":{"title":"Genie\u00dfen Sie im Fr\u00fchling einen Kurzurlaub auf der Insel Krk - Malin Krk","description":"Beobachten Sie, wie die Natur in ihrer Sch\u00f6nheit am Meer erwacht! Klicken Sie um zu \u00fcberpr\u00fcfen, was Sie im belebenden Urlaub in Malinska erwartet.","robots":{"index":"index","follow":"follow","max-snippet":"max-snippet:-1","max-image-preview":"max-image-preview:large","max-video-preview":"max-video-preview:-1"},"canonical":"https:\/\/malin-krk.com\/de\/blog\/geniessen-sie-im-fruehling-einen-kurzurlaub-auf-der-insel-krk\/","og_locale":"de_DE","og_type":"article","og_title":"Genie\u00dfen Sie im Fr\u00fchling einen Kurzurlaub auf der Insel Krk - Malin Krk","og_description":"Beobachten Sie, wie die Natur in ihrer Sch\u00f6nheit am Meer erwacht! Klicken Sie um zu \u00fcberpr\u00fcfen, was Sie im belebenden Urlaub in Malinska erwartet.","og_url":"https:\/\/malin-krk.com\/de\/blog\/geniessen-sie-im-fruehling-einen-kurzurlaub-auf-der-insel-krk\/","og_site_name":"Malin Krk","article_publisher":"https:\/\/www.facebook.com\/hotelmalin\/","article_published_time":"2020-02-27T11:26:01+00:00","article_modified_time":"2020-02-27T11:50:40+00:00","og_image":[{"width":1020,"height":680,"url":"https:\/\/malin-krk.com\/wp-content\/uploads\/2020\/02\/5-4.jpg","type":"image\/jpeg"}],"author":"Filip Aldi\u0107","twitter_card":"summary_large_image","schema":{"@context":"https:\/\/schema.org","@graph":[{"@type":"Article","@id":"https:\/\/malin-krk.com\/de\/blog\/geniessen-sie-im-fruehling-einen-kurzurlaub-auf-der-insel-krk\/#article","isPartOf":{"@id":"https:\/\/malin-krk.com\/de\/blog\/geniessen-sie-im-fruehling-einen-kurzurlaub-auf-der-insel-krk\/"},"author":{"name":"Filip Aldi\u0107","@id":"https:\/\/malin-krk.com\/#\/schema\/person\/a4466bed3e07fbd67499e5512e6bda39"},"headline":"Genie\u00dfen Sie im Fr\u00fchling einen Kurzurlaub auf der Insel Krk","datePublished":"2020-02-27T11:26:01+00:00","dateModified":"2020-02-27T11:50:40+00:00","mainEntityOfPage":{"@id":"https:\/\/malin-krk.com\/de\/blog\/geniessen-sie-im-fruehling-einen-kurzurlaub-auf-der-insel-krk\/"},"wordCount":631,"publisher":{"@id":"https:\/\/malin-krk.com\/#organization"},"image":{"@id":"https:\/\/malin-krk.com\/de\/blog\/geniessen-sie-im-fruehling-einen-kurzurlaub-auf-der-insel-krk\/#primaryimage"},"thumbnailUrl":"https:\/\/malin-krk.com\/wp-content\/uploads\/2020\/02\/5-4.jpg","articleSection":["Blog"],"inLanguage":"de"},{"@type":"WebPage","@id":"https:\/\/malin-krk.com\/de\/blog\/geniessen-sie-im-fruehling-einen-kurzurlaub-auf-der-insel-krk\/","url":"https:\/\/malin-krk.com\/de\/blog\/geniessen-sie-im-fruehling-einen-kurzurlaub-auf-der-insel-krk\/","name":"Genie\u00dfen Sie im Fr\u00fchling einen Kurzurlaub auf der Insel Krk - Malin Krk","isPartOf":{"@id":"https:\/\/malin-krk.com\/#website"},"primaryImageOfPage":{"@id":"https:\/\/malin-krk.com\/de\/blog\/geniessen-sie-im-fruehling-einen-kurzurlaub-auf-der-insel-krk\/#primaryimage"},"image":{"@id":"https:\/\/malin-krk.com\/de\/blog\/geniessen-sie-im-fruehling-einen-kurzurlaub-auf-der-insel-krk\/#primaryimage"},"thumbnailUrl":"https:\/\/malin-krk.com\/wp-content\/uploads\/2020\/02\/5-4.jpg","datePublished":"2020-02-27T11:26:01+00:00","dateModified":"2020-02-27T11:50:40+00:00","description":"Beobachten Sie, wie die Natur in ihrer Sch\u00f6nheit am Meer erwacht! Klicken Sie um zu \u00fcberpr\u00fcfen, was Sie im belebenden Urlaub in Malinska erwartet.","breadcrumb":{"@id":"https:\/\/malin-krk.com\/de\/blog\/geniessen-sie-im-fruehling-einen-kurzurlaub-auf-der-insel-krk\/#breadcrumb"},"inLanguage":"de","potentialAction":[{"@type":"ReadAction","target":["https:\/\/malin-krk.com\/de\/blog\/geniessen-sie-im-fruehling-einen-kurzurlaub-auf-der-insel-krk\/"]}]},{"@type":"ImageObject","inLanguage":"de","@id":"https:\/\/malin-krk.com\/de\/blog\/geniessen-sie-im-fruehling-einen-kurzurlaub-auf-der-insel-krk\/#primaryimage","url":"https:\/\/malin-krk.com\/wp-content\/uploads\/2020\/02\/5-4.jpg","contentUrl":"https:\/\/malin-krk.com\/wp-content\/uploads\/2020\/02\/5-4.jpg","width":1020,"height":680,"caption":"Aktive Zeit in einer wundersch\u00f6nen Umgebung"},{"@type":"BreadcrumbList","@id":"https:\/\/malin-krk.com\/de\/blog\/geniessen-sie-im-fruehling-einen-kurzurlaub-auf-der-insel-krk\/#breadcrumb","itemListElement":[{"@type":"ListItem","position":1,"name":"Home","item":"https:\/\/malin-krk.com\/de\/"},{"@type":"ListItem","position":2,"name":"Genie\u00dfen Sie im Fr\u00fchling einen Kurzurlaub auf der Insel Krk"}]},{"@type":"WebSite","@id":"https:\/\/malin-krk.com\/#website","url":"https:\/\/malin-krk.com\/","name":"Malin Krk","description":"","publisher":{"@id":"https:\/\/malin-krk.com\/#organization"},"potentialAction":[{"@type":"SearchAction","target":{"@type":"EntryPoint","urlTemplate":"https:\/\/malin-krk.com\/?s={search_term_string}"},"query-input":{"@type":"PropertyValueSpecification","valueRequired":true,"valueName":"search_term_string"}}],"inLanguage":"de"},{"@type":"Organization","@id":"https:\/\/malin-krk.com\/#organization","name":"Malin Krk","url":"https:\/\/malin-krk.com\/","logo":{"@type":"ImageObject","inLanguage":"de","@id":"https:\/\/malin-krk.com\/#\/schema\/logo\/image\/","url":"https:\/\/malin-krk.com\/wp-content\/uploads\/2024\/02\/malin-logo.jpg","contentUrl":"https:\/\/malin-krk.com\/wp-content\/uploads\/2024\/02\/malin-logo.jpg","width":280,"height":96,"caption":"Malin Krk"},"image":{"@id":"https:\/\/malin-krk.com\/#\/schema\/logo\/image\/"},"sameAs":["https:\/\/www.facebook.com\/hotelmalin\/"]},{"@type":"Person","@id":"https:\/\/malin-krk.com\/#\/schema\/person\/a4466bed3e07fbd67499e5512e6bda39","name":"Filip Aldi\u0107","image":{"@type":"ImageObject","inLanguage":"de","@id":"https:\/\/secure.gravatar.com\/avatar\/510a0377584a0c197128a8396196fe4371d4a7a0255d32aad99dc1e5ca03c6eb?s=96&d=mm&r=g","url":"https:\/\/secure.gravatar.com\/avatar\/510a0377584a0c197128a8396196fe4371d4a7a0255d32aad99dc1e5ca03c6eb?s=96&d=mm&r=g","contentUrl":"https:\/\/secure.gravatar.com\/avatar\/510a0377584a0c197128a8396196fe4371d4a7a0255d32aad99dc1e5ca03c6eb?s=96&d=mm&r=g","caption":"Filip Aldi\u0107"},"url":"https:\/\/malin-krk.com\/de\/author\/3d06fe833f0349e63842ecb1fd38f2ad\/"}]}},"_links":{"self":[{"href":"https:\/\/malin-krk.com\/de\/wp-json\/wp\/v2\/posts\/17608","targetHints":{"allow":["GET"]}}],"collection":[{"href":"https:\/\/malin-krk.com\/de\/wp-json\/wp\/v2\/posts"}],"about":[{"href":"https:\/\/malin-krk.com\/de\/wp-json\/wp\/v2\/types\/post"}],"author":[{"embeddable":true,"href":"https:\/\/malin-krk.com\/de\/wp-json\/wp\/v2\/users\/4"}],"replies":[{"embeddable":true,"href":"https:\/\/malin-krk.com\/de\/wp-json\/wp\/v2\/comments?post=17608"}],"version-history":[{"count":2,"href":"https:\/\/malin-krk.com\/de\/wp-json\/wp\/v2\/posts\/17608\/revisions"}],"predecessor-version":[{"id":17630,"href":"https:\/\/malin-krk.com\/de\/wp-json\/wp\/v2\/posts\/17608\/revisions\/17630"}],"wp:featuredmedia":[{"embeddable":true,"href":"https:\/\/malin-krk.com\/de\/wp-json\/wp\/v2\/media\/17625"}],"wp:attachment":[{"href":"https:\/\/malin-krk.com\/de\/wp-json\/wp\/v2\/media?parent=17608"}],"wp:term":[{"taxonomy":"category","embeddable":true,"href":"https:\/\/malin-krk.com\/de\/wp-json\/wp\/v2\/categories?post=17608"},{"taxonomy":"post_tag","embeddable":true,"href":"https:\/\/malin-krk.com\/de\/wp-json\/wp\/v2\/tags?post=17608"}],"curies":[{"name":"wp","href":"https:\/\/api.w.org\/{rel}","templated":true}]}}