{"id":14321,"date":"2019-09-24T10:23:06","date_gmt":"2019-09-24T08:23:06","guid":{"rendered":"https:\/\/malin-krk.com\/?p=14321"},"modified":"2019-10-02T12:22:11","modified_gmt":"2019-10-02T10:22:11","slug":"entdecken-sie-schoenheiten-und-aromen-von-krk-im-herbst-2019","status":"publish","type":"post","link":"https:\/\/malin-krk.com\/de\/blog\/entdecken-sie-schoenheiten-und-aromen-von-krk-im-herbst-2019\/","title":{"rendered":"Entdecken Sie Sch\u00f6nheiten und Aromen von Krk im Herbst 2019"},"content":{"rendered":"<!DOCTYPE html PUBLIC \"-\/\/W3C\/\/DTD HTML 4.0 Transitional\/\/EN\" \"http:\/\/www.w3.org\/TR\/REC-html40\/loose.dtd\">\n<html><body><p><span style=\"font-weight: 400;\">Es ist friedlich und ruhig. Es ist voller Farben und k&ouml;stlicher Fr&uuml;chte der Natur. Es ist immer noch angenehm warm und meist sonnig mit vereinzelten Wolken. Es ist die perfekte Zeit, um die Sch&ouml;nheit von Krk und die Magie des Herbstes in vollen Z&uuml;gen zu genie&szlig;en. Hier einige Vorschl&auml;ge, wie Sie Ihren Urlaub in dieser Jahreszeit zu einem unvergesslichen Erlebnis machen k&ouml;nnen:<\/span><\/p>\n<h2><span style=\"font-weight: 400;\">Genie&szlig;en Sie himmlische Aromen des Herbstes<\/span><\/h2>\n\n\t\t\t\t\t\t<ul class='img-galerija list-inline list-unstyled fancybox-show-nav'>\n\n\t\t\t\t\t\t\t\n\t\t\t\t\t\t\t<li class=\"col-md-4 col-sm-6 col-xs-4 thumb-wrapper\">\n\t\t\t\t\t\t\t\t<a class=\"fancybox\" data-fancybox=\"group\" rel=\"group\" data-title=\"Genie\u00dfen Sie himmlische Aromen des Herbstes\" href=\"https:\/\/malin-krk.com\/wp-content\/uploads\/2019\/09\/1-8.jpg\" data-title=\"Genie\u00dfen Sie himmlische Aromen des Herbstes\">\n\t\t\t\t\t\t\t\t\t<img decoding=\"async\" class=\"thumb img-responsive\" src=\"https:\/\/malin-krk.com\/wp-content\/uploads\/2019\/09\/1-8-400x400.jpg\" alt=\"Genie\u00dfen Sie himmlische Aromen des Herbstes\">\n\t\t\t\t\t\t\t\t<\/a>\n\t\t\t\t\t\t\t<\/li>\n\n\t\t\t\t\t\t\t\n\t\t\t\t\t\t\t<li class=\"col-md-4 col-sm-6 col-xs-4 thumb-wrapper\">\n\t\t\t\t\t\t\t\t<a class=\"fancybox\" data-fancybox=\"group\" rel=\"group\" data-title=\"Genie\u00dfen Sie himmlische Aromen des Herbstes\" href=\"https:\/\/malin-krk.com\/wp-content\/uploads\/2019\/09\/2-14.jpg\" data-title=\"Genie\u00dfen Sie himmlische Aromen des Herbstes\">\n\t\t\t\t\t\t\t\t\t<img decoding=\"async\" class=\"thumb img-responsive\" src=\"https:\/\/malin-krk.com\/wp-content\/uploads\/2019\/09\/2-14-400x400.jpg\" alt=\"Genie\u00dfen Sie himmlische Aromen des Herbstes\">\n\t\t\t\t\t\t\t\t<\/a>\n\t\t\t\t\t\t\t<\/li>\n\n\t\t\t\t\t\t\t\n\t\t\t\t\t\t\t<li class=\"col-md-4 col-sm-6 col-xs-4 thumb-wrapper\">\n\t\t\t\t\t\t\t\t<a class=\"fancybox\" data-fancybox=\"group\" rel=\"group\" data-title=\"Genie\u00dfen Sie himmlische Aromen des Herbstes\" href=\"https:\/\/malin-krk.com\/wp-content\/uploads\/2019\/09\/3-10.jpg\" data-title=\"Genie\u00dfen Sie himmlische Aromen des Herbstes\">\n\t\t\t\t\t\t\t\t\t<img decoding=\"async\" class=\"thumb img-responsive\" src=\"https:\/\/malin-krk.com\/wp-content\/uploads\/2019\/09\/3-10-400x400.jpg\" alt=\"Genie\u00dfen Sie himmlische Aromen des Herbstes\">\n\t\t\t\t\t\t\t\t<\/a>\n\t\t\t\t\t\t\t<\/li>\n\n\t\t\t\t\t\t\t\n\t\t\t\t\t\t\t<li class=\"col-md-4 col-sm-6 col-xs-4 thumb-wrapper\">\n\t\t\t\t\t\t\t\t<a class=\"fancybox\" data-fancybox=\"group\" rel=\"group\" data-title=\"Genie\u00dfen Sie himmlische Aromen des Herbstes\" href=\"https:\/\/malin-krk.com\/wp-content\/uploads\/2019\/09\/5-2.jpg\" data-title=\"Genie\u00dfen Sie himmlische Aromen des Herbstes\">\n\t\t\t\t\t\t\t\t\t<img decoding=\"async\" class=\"thumb img-responsive\" src=\"https:\/\/malin-krk.com\/wp-content\/uploads\/2019\/09\/5-2-400x400.jpg\" alt=\"Genie\u00dfen Sie himmlische Aromen des Herbstes\">\n\t\t\t\t\t\t\t\t<\/a>\n\t\t\t\t\t\t\t<\/li>\n\n\t\t\t\t\t\t\t\n\t\t\t\t\t\t\t<li class=\"col-md-4 col-sm-6 col-xs-4 thumb-wrapper\">\n\t\t\t\t\t\t\t\t<a class=\"fancybox\" data-fancybox=\"group\" rel=\"group\" data-title=\"Genie\u00dfen Sie himmlische Aromen des Herbstes\" href=\"https:\/\/malin-krk.com\/wp-content\/uploads\/2019\/09\/6-2.jpg\" data-title=\"Genie\u00dfen Sie himmlische Aromen des Herbstes\">\n\t\t\t\t\t\t\t\t\t<img decoding=\"async\" class=\"thumb img-responsive\" src=\"https:\/\/malin-krk.com\/wp-content\/uploads\/2019\/09\/6-2-400x400.jpg\" alt=\"Genie\u00dfen Sie himmlische Aromen des Herbstes\">\n\t\t\t\t\t\t\t\t<\/a>\n\t\t\t\t\t\t\t<\/li>\n\n\t\t\t\t\t\t\t\n\t\t\t\t\t\t\t<li class=\"col-md-4 col-sm-6 col-xs-4 thumb-wrapper\">\n\t\t\t\t\t\t\t\t<a class=\"fancybox\" data-fancybox=\"group\" rel=\"group\" data-title=\"Genie\u00dfen Sie himmlische Aromen des Herbstes\" href=\"https:\/\/malin-krk.com\/wp-content\/uploads\/2019\/09\/8-2.jpg\" data-title=\"Genie\u00dfen Sie himmlische Aromen des Herbstes\">\n\t\t\t\t\t\t\t\t\t<img decoding=\"async\" class=\"thumb img-responsive\" src=\"https:\/\/malin-krk.com\/wp-content\/uploads\/2019\/09\/8-2-400x400.jpg\" alt=\"Genie\u00dfen Sie himmlische Aromen des Herbstes\">\n\t\t\t\t\t\t\t\t<\/a>\n\t\t\t\t\t\t\t<\/li>\n\n\t\t\t\t\t\t\t\t\t\t\t\t\t<\/ul>\n\t\t\t\t\t\t\n<p><span style=\"font-weight: 400;\">Der Herbst ist da und er bringt mit sich die Fr&uuml;chte der Natur und der ganzj&auml;hrigen Arbeit! Das ausgezeichnete Klima und die geografischen Bedingungen machen Krk zu einem wahren Paradies f&uuml;r Feinschmecker, daher ist der Herbst neben dem Fr&uuml;hling genau die richtige Jahreszeit, um die authentischen Aromen von Krk und Kvarner zu genie&szlig;en. Das Krk Food Fest: Aromen des Herbstes findet vom 20. September bis zum 20. Oktober auf der ganzen Insel statt und feiert die H&ouml;hepunkte der Saison wie Tintenfische, Steinpilze, Oliven, Trauben, Feigen, Kastanien, K&uuml;rbisse, &Auml;pfel und Birnen sowie die bekannten Spezialit&auml;ten von Krk: Kvarner-Scampi, Fische und Meeresfr&uuml;chte; Krk-Lammfleisch, Parmaschinken und K&auml;se; authentische Pasta &bdquo;&Scaron;urlice&ldquo;.<\/span><\/p>\n<p>&nbsp;<\/p>\n<p><img decoding=\"async\" class=\"aligncenter wp-image-14417 size-full\" src=\"https:\/\/malin-krk.com\/wp-content\/uploads\/2019\/09\/2-10.jpg\" alt=\"Genie&szlig;en Sie himmlische Aromen des Herbstes\" width=\"960\" height=\"960\" srcset=\"https:\/\/malin-krk.com\/wp-content\/uploads\/2019\/09\/2-10.jpg 960w, https:\/\/malin-krk.com\/wp-content\/uploads\/2019\/09\/2-10-150x150.jpg 150w, https:\/\/malin-krk.com\/wp-content\/uploads\/2019\/09\/2-10-300x300.jpg 300w, https:\/\/malin-krk.com\/wp-content\/uploads\/2019\/09\/2-10-768x768.jpg 768w, https:\/\/malin-krk.com\/wp-content\/uploads\/2019\/09\/2-10-370x370.jpg 370w, https:\/\/malin-krk.com\/wp-content\/uploads\/2019\/09\/2-10-400x400.jpg 400w, https:\/\/malin-krk.com\/wp-content\/uploads\/2019\/09\/2-10-285x285.jpg 285w\" sizes=\"(max-width: 960px) 100vw, 960px\" \/><\/p>\n<p>&nbsp;<\/p>\n<p><span style=\"font-weight: 400;\">Von Nord nach S&uuml;d, von Ost nach West pr&auml;sentieren verschiedene Restaurants das Beste der saisonalen K&uuml;che und bieten Ihnen die M&ouml;glichkeit, sich ein authentisches gastronomisches Erlebnis zu g&ouml;nnen. Das Restaurant Mulino in Malinska bietet Ihnen beispielsweise ein Men&uuml; mit f&uuml;nfzehn Spezialit&auml;ten, darunter Trauben- und karamellisierter Birnensalat, Tintenfisch- und Pilzsalat, Tagliatelle mit Tr&uuml;ffeln und Oliven, Pilzgulasch mit Polenta, hausgemachte Pflaumenkn&ouml;del usw.<\/span><\/p>\n<h2><span style=\"font-weight: 400;\">Besuchen Sie die Olivenhaine und Weinberge<\/span><\/h2>\n<p><span style=\"font-weight: 400;\">Es ist die Erntezeit! Sowohl Oliven als auch Trauben k&ouml;nnen jetzt gepfl&uuml;ckt werden, in jedem Olivenhain und Weinberg auf der Insel herrscht eine aufregende Stimmung. Unternehmen Sie einen Besuch oder eine Tour, genie&szlig;en Sie die sch&ouml;ne Landschaft und das hervorragende Ambiente bei einem Glas Krk-Wein &ndash; &bdquo;Vrbni&#269;ka &#382;lahtina&ldquo;.<\/span><\/p>\n<h2><span style=\"font-weight: 400;\">Nutzen Sie die idealen Bedingungen, um aktiv zu sein<\/span><\/h2>\n<p><span style=\"font-weight: 400;\">M&ouml;chten Sie die Gipfel von Krk f&uuml;r atemberaubende Ausblicke erreichen? M&ouml;chten Sie die ganze Insel mit dem Fahrrad erkunden, um die erstaunliche Vielfalt und den Landschaftswechsel im Herbst zu erleben? Ohne die typischen hohen Sommertemperaturen ist das Wetter ideal, um den ganzen Tag im Freien zu verbringen. Dank einer Vielzahl von Rad- und Wanderwegen ist Krk Ihr perfekter Gastgeber, um in Form zu bleiben und Ihnen das st&auml;ndige L&auml;cheln ins Gesicht zu zaubern.<\/span><\/p>\n<p>&nbsp;<\/p>\n<p><img decoding=\"async\" width=\"1280\" height=\"853\" class=\"aligncenter size-full wp-image-14326\" src=\"https:\/\/malin-krk.com\/wp-content\/uploads\/2019\/09\/3-6.jpg\" alt=\"Nutzen Sie die idealen Bedingungen, um aktiv zu sein\" srcset=\"https:\/\/malin-krk.com\/wp-content\/uploads\/2019\/09\/3-6.jpg 1280w, https:\/\/malin-krk.com\/wp-content\/uploads\/2019\/09\/3-6-300x200.jpg 300w, https:\/\/malin-krk.com\/wp-content\/uploads\/2019\/09\/3-6-768x512.jpg 768w, https:\/\/malin-krk.com\/wp-content\/uploads\/2019\/09\/3-6-1024x682.jpg 1024w\" sizes=\"(max-width: 1280px) 100vw, 1280px\" \/><\/p>\n<h2><span style=\"font-weight: 400;\">Besichtigen Sie die Sehensw&uuml;rdigkeiten in Ihrem Tempo<\/span><\/h2>\n<p><span style=\"font-weight: 400;\">Erwarten Sie weniger Leute, genie&szlig;en Sie sch&ouml;ne Erlebnisse! Die Stra&szlig;en auf und neben der Insel sind weniger befahren, ebenso wie zahlreiche Sehensw&uuml;rdigkeiten. Machen Sie eine Tour durch die St&auml;dte und erkunden Sie das reiche kulturhistorische Erbe ohne die &uuml;blichen Sommermassen.<\/span><\/p>\n<h2><span style=\"font-weight: 400;\">Perfektes Herbsterlebnis auf Krk<\/span><\/h2>\n<p><span style=\"font-weight: 400;\">Als die Natur Anzeichen einer Verlangsamung zeigt, k&ouml;nnen Sie das auch! Nutzen Sie Ihre Herbstferien auf Krk, um sich auf die bevorstehende Wintertage vorzubereiten, indem Sie Inspiration finden und sich der absoluten Entspannung am Meer hingeben. Lassen Sie sich von Krk mit atemberaubender Landschaft, positivem Ambiente und himmlischen Aromen des Herbstes verzaubern!<\/span><\/p>\n\n\t\t\t\t\t\t<ul class='img-galerija list-inline list-unstyled fancybox-show-nav'>\n\n\t\t\t\t\t\t\t\n\t\t\t\t\t\t\t<li class=\"col-md-4 col-sm-6 col-xs-4 thumb-wrapper\">\n\t\t\t\t\t\t\t\t<a class=\"fancybox\" data-fancybox=\"group\" rel=\"group\" data-title=\"Erleben Sie die Magie des Herbstes auf der Insel Krk\" href=\"https:\/\/malin-krk.com\/wp-content\/uploads\/2019\/09\/DSC_9735-2.jpg\" data-title=\"Erleben Sie die Magie des Herbstes auf der Insel Krk\">\n\t\t\t\t\t\t\t\t\t<img decoding=\"async\" class=\"thumb img-responsive\" src=\"https:\/\/malin-krk.com\/wp-content\/uploads\/2019\/09\/DSC_9735-2-400x400.jpg\" alt=\"Erleben Sie die Magie des Herbstes auf der Insel Krk\">\n\t\t\t\t\t\t\t\t<\/a>\n\t\t\t\t\t\t\t<\/li>\n\n\t\t\t\t\t\t\t\n\t\t\t\t\t\t\t<li class=\"col-md-4 col-sm-6 col-xs-4 thumb-wrapper\">\n\t\t\t\t\t\t\t\t<a class=\"fancybox\" data-fancybox=\"group\" rel=\"group\" data-title=\"Erleben Sie die Magie des Herbstes auf der Insel Krk\" href=\"https:\/\/malin-krk.com\/wp-content\/uploads\/2019\/09\/DSC_9731-2.jpg\" data-title=\"Erleben Sie die Magie des Herbstes auf der Insel Krk\">\n\t\t\t\t\t\t\t\t\t<img decoding=\"async\" class=\"thumb img-responsive\" src=\"https:\/\/malin-krk.com\/wp-content\/uploads\/2019\/09\/DSC_9731-2-400x400.jpg\" alt=\"Erleben Sie die Magie des Herbstes auf der Insel Krk\">\n\t\t\t\t\t\t\t\t<\/a>\n\t\t\t\t\t\t\t<\/li>\n\n\t\t\t\t\t\t\t\n\t\t\t\t\t\t\t<li class=\"col-md-4 col-sm-6 col-xs-4 thumb-wrapper\">\n\t\t\t\t\t\t\t\t<a class=\"fancybox\" data-fancybox=\"group\" rel=\"group\" data-title=\"Erleben Sie die Magie des Herbstes auf der Insel Krk\" href=\"https:\/\/malin-krk.com\/wp-content\/uploads\/2019\/09\/44089940_1953146371409172_7456970189804929024_o-3.jpg\" data-title=\"Erleben Sie die Magie des Herbstes auf der Insel Krk\">\n\t\t\t\t\t\t\t\t\t<img decoding=\"async\" class=\"thumb img-responsive\" src=\"https:\/\/malin-krk.com\/wp-content\/uploads\/2019\/09\/44089940_1953146371409172_7456970189804929024_o-3-400x400.jpg\" alt=\"Erleben Sie die Magie des Herbstes auf der Insel Krk\">\n\t\t\t\t\t\t\t\t<\/a>\n\t\t\t\t\t\t\t<\/li>\n\n\t\t\t\t\t\t\t\n\t\t\t\t\t\t\t<li class=\"col-md-4 col-sm-6 col-xs-4 thumb-wrapper\">\n\t\t\t\t\t\t\t\t<a class=\"fancybox\" data-fancybox=\"group\" rel=\"group\" data-title=\"Erleben Sie die Magie des Herbstes auf der Insel Krk\" href=\"https:\/\/malin-krk.com\/wp-content\/uploads\/2019\/09\/IMG_7052-2.jpg\" data-title=\"Erleben Sie die Magie des Herbstes auf der Insel Krk\">\n\t\t\t\t\t\t\t\t\t<img decoding=\"async\" class=\"thumb img-responsive\" src=\"https:\/\/malin-krk.com\/wp-content\/uploads\/2019\/09\/IMG_7052-2-400x400.jpg\" alt=\"Erleben Sie die Magie des Herbstes auf der Insel Krk\">\n\t\t\t\t\t\t\t\t<\/a>\n\t\t\t\t\t\t\t<\/li>\n\n\t\t\t\t\t\t\t\n\t\t\t\t\t\t\t<li class=\"col-md-4 col-sm-6 col-xs-4 thumb-wrapper\">\n\t\t\t\t\t\t\t\t<a class=\"fancybox\" data-fancybox=\"group\" rel=\"group\" data-title=\"Erleben Sie die Magie des Herbstes auf der Insel Krk\" href=\"https:\/\/malin-krk.com\/wp-content\/uploads\/2019\/09\/IMG_4005-2.jpg\" data-title=\"Erleben Sie die Magie des Herbstes auf der Insel Krk\">\n\t\t\t\t\t\t\t\t\t<img decoding=\"async\" class=\"thumb img-responsive\" src=\"https:\/\/malin-krk.com\/wp-content\/uploads\/2019\/09\/IMG_4005-2-400x400.jpg\" alt=\"Erleben Sie die Magie des Herbstes auf der Insel Krk\">\n\t\t\t\t\t\t\t\t<\/a>\n\t\t\t\t\t\t\t<\/li>\n\n\t\t\t\t\t\t\t\n\t\t\t\t\t\t\t<li class=\"col-md-4 col-sm-6 col-xs-4 thumb-wrapper\">\n\t\t\t\t\t\t\t\t<a class=\"fancybox\" data-fancybox=\"group\" rel=\"group\" data-title=\"Erleben Sie die Magie des Herbstes auf der Insel Krk\" href=\"https:\/\/malin-krk.com\/wp-content\/uploads\/2019\/09\/IMG_4071-2.jpg\" data-title=\"Erleben Sie die Magie des Herbstes auf der Insel Krk\">\n\t\t\t\t\t\t\t\t\t<img decoding=\"async\" class=\"thumb img-responsive\" src=\"https:\/\/malin-krk.com\/wp-content\/uploads\/2019\/09\/IMG_4071-2-400x400.jpg\" alt=\"Erleben Sie die Magie des Herbstes auf der Insel Krk\">\n\t\t\t\t\t\t\t\t<\/a>\n\t\t\t\t\t\t\t<\/li>\n\n\t\t\t\t\t\t\t\t\t\t\t\t\t<\/ul>\n\t\t\t\t\t\t\n<p>&nbsp;<\/p>\n<\/body><\/html>\n","protected":false},"excerpt":{"rendered":"<p>Es ist friedlich und ruhig. Es ist voller Farben und k&ouml;stlicher Fr&uuml;chte der Natur. Es ist immer noch angenehm warm und meist sonnig mit vereinzelten Wolken. Es ist die perfekte Zeit, um die Sch&ouml;nheit von Krk und die Magie des Herbstes in vollen Z&uuml;gen zu genie&szlig;en. Hier einige Vorschl&auml;ge, wie Sie Ihren Urlaub in dieser [&hellip;]<\/p>\n","protected":false},"author":4,"featured_media":14578,"comment_status":"closed","ping_status":"closed","sticky":false,"template":"","format":"standard","meta":{"_acf_changed":false,"footnotes":""},"categories":[3],"tags":[],"class_list":["post-14321","post","type-post","status-publish","format-standard","has-post-thumbnail","hentry","category-blog"],"acf":[],"yoast_head":"<!-- This site is optimized with the Yoast SEO plugin v27.5 - https:\/\/yoast.com\/product\/yoast-seo-wordpress\/ -->\n<title>Entdecken Sie Sch\u00f6nheiten und Aromen von Krk im Herbst 2019<\/title>\n<meta name=\"description\" content=\"Lassen Sie sich von Krk mit sch\u00f6ner Landschaft, Ambiente und himmlischen Aromen verzaubern! Pr\u00fcfen Sie, warum jetzt die richtige Zeit f\u00fcr Erholung ist.\" \/>\n<meta name=\"robots\" content=\"index, follow, max-snippet:-1, max-image-preview:large, max-video-preview:-1\" \/>\n<link rel=\"canonical\" href=\"https:\/\/malin-krk.com\/de\/blog\/entdecken-sie-schoenheiten-und-aromen-von-krk-im-herbst-2019\/\" \/>\n<meta property=\"og:locale\" content=\"de_DE\" \/>\n<meta property=\"og:type\" content=\"article\" \/>\n<meta property=\"og:title\" content=\"Entdecken Sie Sch\u00f6nheiten und Aromen von Krk im Herbst 2019\" \/>\n<meta property=\"og:description\" content=\"Lassen Sie sich von Krk mit sch\u00f6ner Landschaft, Ambiente und himmlischen Aromen verzaubern! Pr\u00fcfen Sie, warum jetzt die richtige Zeit f\u00fcr Erholung ist.\" \/>\n<meta property=\"og:url\" content=\"https:\/\/malin-krk.com\/de\/blog\/entdecken-sie-schoenheiten-und-aromen-von-krk-im-herbst-2019\/\" \/>\n<meta property=\"og:site_name\" content=\"Malin Krk\" \/>\n<meta property=\"article:publisher\" content=\"https:\/\/www.facebook.com\/hotelmalin\/\" \/>\n<meta property=\"article:published_time\" content=\"2019-09-24T08:23:06+00:00\" \/>\n<meta property=\"article:modified_time\" content=\"2019-10-02T10:22:11+00:00\" \/>\n<meta property=\"og:image\" content=\"https:\/\/malin-krk.com\/wp-content\/uploads\/2019\/09\/naslovna-2.png\" \/>\n\t<meta property=\"og:image:width\" content=\"750\" \/>\n\t<meta property=\"og:image:height\" content=\"420\" \/>\n\t<meta property=\"og:image:type\" content=\"image\/png\" \/>\n<meta name=\"author\" content=\"Filip Aldi\u0107\" \/>\n<meta name=\"twitter:card\" content=\"summary_large_image\" \/>\n<script type=\"application\/ld+json\" class=\"yoast-schema-graph\">{\"@context\":\"https:\\\/\\\/schema.org\",\"@graph\":[{\"@type\":\"Article\",\"@id\":\"https:\\\/\\\/malin-krk.com\\\/de\\\/blog\\\/entdecken-sie-schoenheiten-und-aromen-von-krk-im-herbst-2019\\\/#article\",\"isPartOf\":{\"@id\":\"https:\\\/\\\/malin-krk.com\\\/de\\\/blog\\\/entdecken-sie-schoenheiten-und-aromen-von-krk-im-herbst-2019\\\/\"},\"author\":{\"name\":\"Filip Aldi\u0107\",\"@id\":\"https:\\\/\\\/malin-krk.com\\\/#\\\/schema\\\/person\\\/a4466bed3e07fbd67499e5512e6bda39\"},\"headline\":\"Entdecken Sie Sch\u00f6nheiten und Aromen von Krk im Herbst 2019\",\"datePublished\":\"2019-09-24T08:23:06+00:00\",\"dateModified\":\"2019-10-02T10:22:11+00:00\",\"mainEntityOfPage\":{\"@id\":\"https:\\\/\\\/malin-krk.com\\\/de\\\/blog\\\/entdecken-sie-schoenheiten-und-aromen-von-krk-im-herbst-2019\\\/\"},\"wordCount\":534,\"publisher\":{\"@id\":\"https:\\\/\\\/malin-krk.com\\\/#organization\"},\"image\":{\"@id\":\"https:\\\/\\\/malin-krk.com\\\/de\\\/blog\\\/entdecken-sie-schoenheiten-und-aromen-von-krk-im-herbst-2019\\\/#primaryimage\"},\"thumbnailUrl\":\"https:\\\/\\\/malin-krk.com\\\/wp-content\\\/uploads\\\/2019\\\/09\\\/naslovna-2.png\",\"articleSection\":[\"Blog\"],\"inLanguage\":\"de\"},{\"@type\":\"WebPage\",\"@id\":\"https:\\\/\\\/malin-krk.com\\\/de\\\/blog\\\/entdecken-sie-schoenheiten-und-aromen-von-krk-im-herbst-2019\\\/\",\"url\":\"https:\\\/\\\/malin-krk.com\\\/de\\\/blog\\\/entdecken-sie-schoenheiten-und-aromen-von-krk-im-herbst-2019\\\/\",\"name\":\"Entdecken Sie Sch\u00f6nheiten und Aromen von Krk im Herbst 2019\",\"isPartOf\":{\"@id\":\"https:\\\/\\\/malin-krk.com\\\/#website\"},\"primaryImageOfPage\":{\"@id\":\"https:\\\/\\\/malin-krk.com\\\/de\\\/blog\\\/entdecken-sie-schoenheiten-und-aromen-von-krk-im-herbst-2019\\\/#primaryimage\"},\"image\":{\"@id\":\"https:\\\/\\\/malin-krk.com\\\/de\\\/blog\\\/entdecken-sie-schoenheiten-und-aromen-von-krk-im-herbst-2019\\\/#primaryimage\"},\"thumbnailUrl\":\"https:\\\/\\\/malin-krk.com\\\/wp-content\\\/uploads\\\/2019\\\/09\\\/naslovna-2.png\",\"datePublished\":\"2019-09-24T08:23:06+00:00\",\"dateModified\":\"2019-10-02T10:22:11+00:00\",\"description\":\"Lassen Sie sich von Krk mit sch\u00f6ner Landschaft, Ambiente und himmlischen Aromen verzaubern! Pr\u00fcfen Sie, warum jetzt die richtige Zeit f\u00fcr Erholung ist.\",\"breadcrumb\":{\"@id\":\"https:\\\/\\\/malin-krk.com\\\/de\\\/blog\\\/entdecken-sie-schoenheiten-und-aromen-von-krk-im-herbst-2019\\\/#breadcrumb\"},\"inLanguage\":\"de\",\"potentialAction\":[{\"@type\":\"ReadAction\",\"target\":[\"https:\\\/\\\/malin-krk.com\\\/de\\\/blog\\\/entdecken-sie-schoenheiten-und-aromen-von-krk-im-herbst-2019\\\/\"]}]},{\"@type\":\"ImageObject\",\"inLanguage\":\"de\",\"@id\":\"https:\\\/\\\/malin-krk.com\\\/de\\\/blog\\\/entdecken-sie-schoenheiten-und-aromen-von-krk-im-herbst-2019\\\/#primaryimage\",\"url\":\"https:\\\/\\\/malin-krk.com\\\/wp-content\\\/uploads\\\/2019\\\/09\\\/naslovna-2.png\",\"contentUrl\":\"https:\\\/\\\/malin-krk.com\\\/wp-content\\\/uploads\\\/2019\\\/09\\\/naslovna-2.png\",\"width\":750,\"height\":420,\"caption\":\"Erleben Sie die Magie des Herbstes auf der Insel Krk\"},{\"@type\":\"BreadcrumbList\",\"@id\":\"https:\\\/\\\/malin-krk.com\\\/de\\\/blog\\\/entdecken-sie-schoenheiten-und-aromen-von-krk-im-herbst-2019\\\/#breadcrumb\",\"itemListElement\":[{\"@type\":\"ListItem\",\"position\":1,\"name\":\"Home\",\"item\":\"https:\\\/\\\/malin-krk.com\\\/de\\\/\"},{\"@type\":\"ListItem\",\"position\":2,\"name\":\"Entdecken Sie Sch\u00f6nheiten und Aromen von Krk im Herbst 2019\"}]},{\"@type\":\"WebSite\",\"@id\":\"https:\\\/\\\/malin-krk.com\\\/#website\",\"url\":\"https:\\\/\\\/malin-krk.com\\\/\",\"name\":\"Malin Krk\",\"description\":\"\",\"publisher\":{\"@id\":\"https:\\\/\\\/malin-krk.com\\\/#organization\"},\"potentialAction\":[{\"@type\":\"SearchAction\",\"target\":{\"@type\":\"EntryPoint\",\"urlTemplate\":\"https:\\\/\\\/malin-krk.com\\\/?s={search_term_string}\"},\"query-input\":{\"@type\":\"PropertyValueSpecification\",\"valueRequired\":true,\"valueName\":\"search_term_string\"}}],\"inLanguage\":\"de\"},{\"@type\":\"Organization\",\"@id\":\"https:\\\/\\\/malin-krk.com\\\/#organization\",\"name\":\"Malin Krk\",\"url\":\"https:\\\/\\\/malin-krk.com\\\/\",\"logo\":{\"@type\":\"ImageObject\",\"inLanguage\":\"de\",\"@id\":\"https:\\\/\\\/malin-krk.com\\\/#\\\/schema\\\/logo\\\/image\\\/\",\"url\":\"https:\\\/\\\/malin-krk.com\\\/wp-content\\\/uploads\\\/2024\\\/02\\\/malin-logo.jpg\",\"contentUrl\":\"https:\\\/\\\/malin-krk.com\\\/wp-content\\\/uploads\\\/2024\\\/02\\\/malin-logo.jpg\",\"width\":280,\"height\":96,\"caption\":\"Malin Krk\"},\"image\":{\"@id\":\"https:\\\/\\\/malin-krk.com\\\/#\\\/schema\\\/logo\\\/image\\\/\"},\"sameAs\":[\"https:\\\/\\\/www.facebook.com\\\/hotelmalin\\\/\"]},{\"@type\":\"Person\",\"@id\":\"https:\\\/\\\/malin-krk.com\\\/#\\\/schema\\\/person\\\/a4466bed3e07fbd67499e5512e6bda39\",\"name\":\"Filip Aldi\u0107\",\"image\":{\"@type\":\"ImageObject\",\"inLanguage\":\"de\",\"@id\":\"https:\\\/\\\/secure.gravatar.com\\\/avatar\\\/510a0377584a0c197128a8396196fe4371d4a7a0255d32aad99dc1e5ca03c6eb?s=96&d=mm&r=g\",\"url\":\"https:\\\/\\\/secure.gravatar.com\\\/avatar\\\/510a0377584a0c197128a8396196fe4371d4a7a0255d32aad99dc1e5ca03c6eb?s=96&d=mm&r=g\",\"contentUrl\":\"https:\\\/\\\/secure.gravatar.com\\\/avatar\\\/510a0377584a0c197128a8396196fe4371d4a7a0255d32aad99dc1e5ca03c6eb?s=96&d=mm&r=g\",\"caption\":\"Filip Aldi\u0107\"},\"url\":\"https:\\\/\\\/malin-krk.com\\\/de\\\/author\\\/3d06fe833f0349e63842ecb1fd38f2ad\\\/\"}]}<\/script>\n<!-- \/ Yoast SEO plugin. -->","yoast_head_json":{"title":"Entdecken Sie Sch\u00f6nheiten und Aromen von Krk im Herbst 2019","description":"Lassen Sie sich von Krk mit sch\u00f6ner Landschaft, Ambiente und himmlischen Aromen verzaubern! Pr\u00fcfen Sie, warum jetzt die richtige Zeit f\u00fcr Erholung ist.","robots":{"index":"index","follow":"follow","max-snippet":"max-snippet:-1","max-image-preview":"max-image-preview:large","max-video-preview":"max-video-preview:-1"},"canonical":"https:\/\/malin-krk.com\/de\/blog\/entdecken-sie-schoenheiten-und-aromen-von-krk-im-herbst-2019\/","og_locale":"de_DE","og_type":"article","og_title":"Entdecken Sie Sch\u00f6nheiten und Aromen von Krk im Herbst 2019","og_description":"Lassen Sie sich von Krk mit sch\u00f6ner Landschaft, Ambiente und himmlischen Aromen verzaubern! Pr\u00fcfen Sie, warum jetzt die richtige Zeit f\u00fcr Erholung ist.","og_url":"https:\/\/malin-krk.com\/de\/blog\/entdecken-sie-schoenheiten-und-aromen-von-krk-im-herbst-2019\/","og_site_name":"Malin Krk","article_publisher":"https:\/\/www.facebook.com\/hotelmalin\/","article_published_time":"2019-09-24T08:23:06+00:00","article_modified_time":"2019-10-02T10:22:11+00:00","og_image":[{"width":750,"height":420,"url":"https:\/\/malin-krk.com\/wp-content\/uploads\/2019\/09\/naslovna-2.png","type":"image\/png"}],"author":"Filip Aldi\u0107","twitter_card":"summary_large_image","schema":{"@context":"https:\/\/schema.org","@graph":[{"@type":"Article","@id":"https:\/\/malin-krk.com\/de\/blog\/entdecken-sie-schoenheiten-und-aromen-von-krk-im-herbst-2019\/#article","isPartOf":{"@id":"https:\/\/malin-krk.com\/de\/blog\/entdecken-sie-schoenheiten-und-aromen-von-krk-im-herbst-2019\/"},"author":{"name":"Filip Aldi\u0107","@id":"https:\/\/malin-krk.com\/#\/schema\/person\/a4466bed3e07fbd67499e5512e6bda39"},"headline":"Entdecken Sie Sch\u00f6nheiten und Aromen von Krk im Herbst 2019","datePublished":"2019-09-24T08:23:06+00:00","dateModified":"2019-10-02T10:22:11+00:00","mainEntityOfPage":{"@id":"https:\/\/malin-krk.com\/de\/blog\/entdecken-sie-schoenheiten-und-aromen-von-krk-im-herbst-2019\/"},"wordCount":534,"publisher":{"@id":"https:\/\/malin-krk.com\/#organization"},"image":{"@id":"https:\/\/malin-krk.com\/de\/blog\/entdecken-sie-schoenheiten-und-aromen-von-krk-im-herbst-2019\/#primaryimage"},"thumbnailUrl":"https:\/\/malin-krk.com\/wp-content\/uploads\/2019\/09\/naslovna-2.png","articleSection":["Blog"],"inLanguage":"de"},{"@type":"WebPage","@id":"https:\/\/malin-krk.com\/de\/blog\/entdecken-sie-schoenheiten-und-aromen-von-krk-im-herbst-2019\/","url":"https:\/\/malin-krk.com\/de\/blog\/entdecken-sie-schoenheiten-und-aromen-von-krk-im-herbst-2019\/","name":"Entdecken Sie Sch\u00f6nheiten und Aromen von Krk im Herbst 2019","isPartOf":{"@id":"https:\/\/malin-krk.com\/#website"},"primaryImageOfPage":{"@id":"https:\/\/malin-krk.com\/de\/blog\/entdecken-sie-schoenheiten-und-aromen-von-krk-im-herbst-2019\/#primaryimage"},"image":{"@id":"https:\/\/malin-krk.com\/de\/blog\/entdecken-sie-schoenheiten-und-aromen-von-krk-im-herbst-2019\/#primaryimage"},"thumbnailUrl":"https:\/\/malin-krk.com\/wp-content\/uploads\/2019\/09\/naslovna-2.png","datePublished":"2019-09-24T08:23:06+00:00","dateModified":"2019-10-02T10:22:11+00:00","description":"Lassen Sie sich von Krk mit sch\u00f6ner Landschaft, Ambiente und himmlischen Aromen verzaubern! Pr\u00fcfen Sie, warum jetzt die richtige Zeit f\u00fcr Erholung ist.","breadcrumb":{"@id":"https:\/\/malin-krk.com\/de\/blog\/entdecken-sie-schoenheiten-und-aromen-von-krk-im-herbst-2019\/#breadcrumb"},"inLanguage":"de","potentialAction":[{"@type":"ReadAction","target":["https:\/\/malin-krk.com\/de\/blog\/entdecken-sie-schoenheiten-und-aromen-von-krk-im-herbst-2019\/"]}]},{"@type":"ImageObject","inLanguage":"de","@id":"https:\/\/malin-krk.com\/de\/blog\/entdecken-sie-schoenheiten-und-aromen-von-krk-im-herbst-2019\/#primaryimage","url":"https:\/\/malin-krk.com\/wp-content\/uploads\/2019\/09\/naslovna-2.png","contentUrl":"https:\/\/malin-krk.com\/wp-content\/uploads\/2019\/09\/naslovna-2.png","width":750,"height":420,"caption":"Erleben Sie die Magie des Herbstes auf der Insel Krk"},{"@type":"BreadcrumbList","@id":"https:\/\/malin-krk.com\/de\/blog\/entdecken-sie-schoenheiten-und-aromen-von-krk-im-herbst-2019\/#breadcrumb","itemListElement":[{"@type":"ListItem","position":1,"name":"Home","item":"https:\/\/malin-krk.com\/de\/"},{"@type":"ListItem","position":2,"name":"Entdecken Sie Sch\u00f6nheiten und Aromen von Krk im Herbst 2019"}]},{"@type":"WebSite","@id":"https:\/\/malin-krk.com\/#website","url":"https:\/\/malin-krk.com\/","name":"Malin Krk","description":"","publisher":{"@id":"https:\/\/malin-krk.com\/#organization"},"potentialAction":[{"@type":"SearchAction","target":{"@type":"EntryPoint","urlTemplate":"https:\/\/malin-krk.com\/?s={search_term_string}"},"query-input":{"@type":"PropertyValueSpecification","valueRequired":true,"valueName":"search_term_string"}}],"inLanguage":"de"},{"@type":"Organization","@id":"https:\/\/malin-krk.com\/#organization","name":"Malin Krk","url":"https:\/\/malin-krk.com\/","logo":{"@type":"ImageObject","inLanguage":"de","@id":"https:\/\/malin-krk.com\/#\/schema\/logo\/image\/","url":"https:\/\/malin-krk.com\/wp-content\/uploads\/2024\/02\/malin-logo.jpg","contentUrl":"https:\/\/malin-krk.com\/wp-content\/uploads\/2024\/02\/malin-logo.jpg","width":280,"height":96,"caption":"Malin Krk"},"image":{"@id":"https:\/\/malin-krk.com\/#\/schema\/logo\/image\/"},"sameAs":["https:\/\/www.facebook.com\/hotelmalin\/"]},{"@type":"Person","@id":"https:\/\/malin-krk.com\/#\/schema\/person\/a4466bed3e07fbd67499e5512e6bda39","name":"Filip Aldi\u0107","image":{"@type":"ImageObject","inLanguage":"de","@id":"https:\/\/secure.gravatar.com\/avatar\/510a0377584a0c197128a8396196fe4371d4a7a0255d32aad99dc1e5ca03c6eb?s=96&d=mm&r=g","url":"https:\/\/secure.gravatar.com\/avatar\/510a0377584a0c197128a8396196fe4371d4a7a0255d32aad99dc1e5ca03c6eb?s=96&d=mm&r=g","contentUrl":"https:\/\/secure.gravatar.com\/avatar\/510a0377584a0c197128a8396196fe4371d4a7a0255d32aad99dc1e5ca03c6eb?s=96&d=mm&r=g","caption":"Filip Aldi\u0107"},"url":"https:\/\/malin-krk.com\/de\/author\/3d06fe833f0349e63842ecb1fd38f2ad\/"}]}},"_links":{"self":[{"href":"https:\/\/malin-krk.com\/de\/wp-json\/wp\/v2\/posts\/14321","targetHints":{"allow":["GET"]}}],"collection":[{"href":"https:\/\/malin-krk.com\/de\/wp-json\/wp\/v2\/posts"}],"about":[{"href":"https:\/\/malin-krk.com\/de\/wp-json\/wp\/v2\/types\/post"}],"author":[{"embeddable":true,"href":"https:\/\/malin-krk.com\/de\/wp-json\/wp\/v2\/users\/4"}],"replies":[{"embeddable":true,"href":"https:\/\/malin-krk.com\/de\/wp-json\/wp\/v2\/comments?post=14321"}],"version-history":[{"count":4,"href":"https:\/\/malin-krk.com\/de\/wp-json\/wp\/v2\/posts\/14321\/revisions"}],"predecessor-version":[{"id":14542,"href":"https:\/\/malin-krk.com\/de\/wp-json\/wp\/v2\/posts\/14321\/revisions\/14542"}],"wp:featuredmedia":[{"embeddable":true,"href":"https:\/\/malin-krk.com\/de\/wp-json\/wp\/v2\/media\/14578"}],"wp:attachment":[{"href":"https:\/\/malin-krk.com\/de\/wp-json\/wp\/v2\/media?parent=14321"}],"wp:term":[{"taxonomy":"category","embeddable":true,"href":"https:\/\/malin-krk.com\/de\/wp-json\/wp\/v2\/categories?post=14321"},{"taxonomy":"post_tag","embeddable":true,"href":"https:\/\/malin-krk.com\/de\/wp-json\/wp\/v2\/tags?post=14321"}],"curies":[{"name":"wp","href":"https:\/\/api.w.org\/{rel}","templated":true}]}}